{"id":25748,"date":"2020-03-17T14:35:24","date_gmt":"2020-03-17T17:35:24","guid":{"rendered":"https:\/\/myabcm.com\/impactos-negativos-microgestion\/"},"modified":"2021-09-25T00:02:24","modified_gmt":"2021-09-25T03:02:24","slug":"impactos-negativos-microgestion","status":"publish","type":"post","link":"https:\/\/myabcm.com\/es\/impactos-negativos-microgestion\/","title":{"rendered":"Microgesti\u00f3n: \u00bfcu\u00e1les son las causas, los impactos negativos y c\u00f3mo resolverlo?"},"content":{"rendered":"<p>No se deje enga\u00f1ar por la palabra \u00abmicrogesti\u00f3n\u00bb: puede sonar como otra t\u00e9cnica de gesti\u00f3n innovadora, <strong>pero es todo lo contrario<\/strong>. <!--more-->El control excesivo sobre los equipos, especialmente en tareas m\u00e1s peque\u00f1as, puede ser extremadamente perjudicial para el negocio.<\/p>\n<p>La gesti\u00f3n del equipo ha avanzado mucho en el entorno corporativo moderno. Y esto no solo se debe a modelos de gesti\u00f3n m\u00e1s humanos: esto se debe a que incluso las tareas m\u00e1s rutinarias de los empleados son m\u00e1s complejas que hace 30 a\u00f1os.<\/p>\n<p>La microgesti\u00f3n es un legado de los viejos modelos de gesti\u00f3n y puede ser un obst\u00e1culo para cualquier negocio que quiera despegar en el mercado. Por lo tanto, en la publicaci\u00f3n de hoy, explicaremos qu\u00e9 es, sus causas y c\u00f3mo resolver este problema para siempre.<\/p>\n<h2><strong>\u00bfQu\u00e9 es la microgesti\u00f3n?<\/strong><\/h2>\n<p>La microgesti\u00f3n es cuando los l\u00edderes intentan imponerse de una manera que sus subordinados tienen que mantenerlos actualizados de alguna manera con todos los detalles operativos m\u00ednimos de su trabajo.<\/p>\n<p>El problema es que esto es muy desalentador para los miembros del equipo, quienes sienten que su gerente no conf\u00eda en su trabajo, adem\u00e1s de ser humanamente imposible debido al volumen de trabajo y al tama\u00f1o de los equipos.<\/p>\n<p>Algunas se\u00f1ales de microgesti\u00f3n, que es cuando el gerente deja de liderar y comienza a auditar el trabajo del equipo, se pueden observar en algunas actitudes:<\/p>\n<ul>\n<li>Requiere ser enviado a todos los intercambios de correo electr\u00f3nico del equipo \/ empresa;<\/li>\n<li>Todo debe ser autorizado por ellos, incluso tareas triviales como hacer una fotocopia;<\/li>\n<li>Los equipos no pueden participar en proyectos con otros frentes de la compa\u00f1\u00eda a menos que su l\u00edder est\u00e9 involucrado.<\/li>\n<\/ul>\n<h2><strong>Causas principales y problemas con la microgesti\u00f3n<\/strong><\/h2>\n<p>Las causas de la microgesti\u00f3n pueden ser diversas, pero tienden a tener al menos dos ra\u00edces comunes: causas personales y causas organizacionales.<\/p>\n<p>Las causas personales pueden involucrar problemas de inseguridad, dificultad para confiar debido a traumas anteriores e incluso obsesi\u00f3n.<\/p>\n<p>Las causas organizativas, por otro lado, pueden ser el modelo de gesti\u00f3n en s\u00ed, las pol\u00edticas internas, la cultura vertical de la empresa y las inestabilidades\/incertidumbres sobre el puesto.<\/p>\n<p>Los principales problemas que puede causar la microgesti\u00f3n son:<\/p>\n<h3><strong>Ambiente de trabajo estresante<\/strong><\/h3>\n<p>Las demandas excesivas, la falta de motivaci\u00f3n y, principalmente, la falta de reconocimiento de los resultados aumenta el estr\u00e9s de los empleados y su productividad se desploma.<\/p>\n<h3><strong>Equipos Limitados<\/strong><\/h3>\n<p>Con todos sus pasos monitoreados de cerca por los gerentes, el equipo deja de innovar y permanece en la zona de confort para entregar solo lo que se solicita.<\/p>\n<h3><strong>El gerente como un mal ejemplo (o no ejemplo)<\/strong><\/h3>\n<p>Cuando el gerente es un microgestor, puede hacer que su equipo tambi\u00e9n se convierta as\u00ed, o incluso no ser respetado por \u00e9l, anulando la retenci\u00f3n y el desarrollo del talento.<\/p>\n<h2><strong>C\u00f3mo liberar a su empresa de la microgesti\u00f3n<\/strong><\/h2>\n<p>Puede que se haya dado cuenta de que la microgesti\u00f3n no es una broma, \u00bfverdad? La buena noticia, sin embargo, es que con un poco de esfuerzo y tomando medidas efectivas con respecto a este tipo de gesti\u00f3n, es posible revertir el caso:<\/p>\n<ol>\n<li>Proporcione Capacitaci\u00f3n de gesti\u00f3n moderna para sus l\u00edderes;<\/li>\n<li>Reconozca cada progreso realizado por el equipo, independientemente de la escala;<\/li>\n<li>Empatice y conozca mejor a su equipo para ayudarlos con sus especificidades;<\/li>\n<li>Empodere al equipo para realizar trabajo operativo y centrarse en los desaf\u00edos de gesti\u00f3n;<\/li>\n<li>Siempre sea transparente: sus subordinados se inspirar\u00e1n en esto y har\u00e1n lo mismo por usted.<\/li>\n<\/ol>\n<h2><strong>Resultados de la administraci\u00f3n<\/strong><\/h2>\n<p>Confiar en su equipo y dejar esto muy claro para ellos es esencial para eliminar el problema de la microgesti\u00f3n de una vez por todas. Deje que sus empleados se concentren en lo que son buenos y conf\u00eden en su talento.<\/p>\n<p>De hecho, tambi\u00e9n debe confiar en un software de administraci\u00f3n que sea capaz de optimizar cada vez m\u00e1s su trabajo y brindar excelentes resultados al negocio. Estas son ciertamente grandes estrategias de gesti\u00f3n.<\/p>\n","protected":false},"excerpt":{"rendered":"<p>No se deje enga\u00f1ar por la palabra \u00abmicrogesti\u00f3n\u00bb: puede sonar como otra t\u00e9cnica de gesti\u00f3n innovadora, pero es todo lo contrario.<\/p>\n","protected":false},"author":15,"featured_media":25749,"comment_status":"open","ping_status":"open","sticky":false,"template":"","format":"standard","meta":{"_acf_changed":false,"content-type":"","footnotes":""},"categories":[2134],"tags":[3205,2991,3272,3273],"class_list":["post-25748","post","type-post","status-publish","format-standard","has-post-thumbnail","hentry","category-gestion","tag-control-y-gestion","tag-gestion-administrativa","tag-micro-gestion","tag-microgestion"],"acf":[],"yoast_head":"<!-- This site is optimized with the Yoast SEO plugin v26.5 - https:\/\/yoast.com\/wordpress\/plugins\/seo\/ -->\n<title>Microgesti\u00f3n: \u00bfcu\u00e1les son las causas, los impactos negativos y c\u00f3mo resolverlo? - MyABCM<\/title>\n<meta name=\"description\" content=\"Las causas de la microgesti\u00f3n pueden ser diversas, pero tienden a tener al menos dos ra\u00edces comunes: causas personales y causas organizacionales.\" \/>\n<meta name=\"robots\" content=\"index, follow, max-snippet:-1, max-image-preview:large, max-video-preview:-1\" \/>\n<link rel=\"canonical\" href=\"https:\/\/myabcm.com\/es\/impactos-negativos-microgestion\/\" \/>\n<meta property=\"og:locale\" content=\"es_ES\" \/>\n<meta property=\"og:type\" content=\"article\" \/>\n<meta property=\"og:title\" content=\"Microgesti\u00f3n: \u00bfcu\u00e1les son las causas, los impactos negativos y c\u00f3mo resolverlo? - MyABCM\" \/>\n<meta property=\"og:description\" content=\"Las causas de la microgesti\u00f3n pueden ser diversas, pero tienden a tener al menos dos ra\u00edces comunes: causas personales y causas organizacionales.\" \/>\n<meta property=\"og:url\" content=\"https:\/\/myabcm.com\/es\/impactos-negativos-microgestion\/\" \/>\n<meta property=\"og:site_name\" content=\"MyABCM\" \/>\n<meta property=\"article:publisher\" content=\"https:\/\/www.facebook.com\/MyABCM\/\" \/>\n<meta property=\"article:published_time\" content=\"2020-03-17T17:35:24+00:00\" \/>\n<meta property=\"article:modified_time\" content=\"2021-09-25T03:02:24+00:00\" \/>\n<meta property=\"og:image\" content=\"https:\/\/myabcm.com\/wp-content\/uploads\/microgerenciamento-quais-sao-as-causas-impactos-negativos-e-como-resolver-2.jpg\" \/>\n\t<meta property=\"og:image:width\" content=\"900\" \/>\n\t<meta property=\"og:image:height\" content=\"374\" \/>\n\t<meta property=\"og:image:type\" content=\"image\/jpeg\" \/>\n<meta name=\"author\" content=\"Rodolpho Ramirez\" \/>\n<meta name=\"twitter:card\" content=\"summary_large_image\" \/>\n<meta name=\"twitter:creator\" content=\"@myabcm\" \/>\n<meta name=\"twitter:site\" content=\"@myabcm\" \/>\n<meta name=\"twitter:label1\" content=\"Escrito por\" \/>\n\t<meta name=\"twitter:data1\" content=\"Rodolpho Ramirez\" \/>\n\t<meta name=\"twitter:label2\" content=\"Tiempo de lectura\" \/>\n\t<meta name=\"twitter:data2\" content=\"3 minutos\" \/>\n<script type=\"application\/ld+json\" class=\"yoast-schema-graph\">{\"@context\":\"https:\/\/schema.org\",\"@graph\":[{\"@type\":\"WebPage\",\"@id\":\"https:\/\/myabcm.com\/es\/impactos-negativos-microgestion\/\",\"url\":\"https:\/\/myabcm.com\/es\/impactos-negativos-microgestion\/\",\"name\":\"Microgesti\u00f3n: \u00bfcu\u00e1les son las causas, los impactos negativos y c\u00f3mo resolverlo? - MyABCM\",\"isPartOf\":{\"@id\":\"https:\/\/myabcm.com\/es\/#website\"},\"primaryImageOfPage\":{\"@id\":\"https:\/\/myabcm.com\/es\/impactos-negativos-microgestion\/#primaryimage\"},\"image\":{\"@id\":\"https:\/\/myabcm.com\/es\/impactos-negativos-microgestion\/#primaryimage\"},\"thumbnailUrl\":\"https:\/\/myabcm.com\/wp-content\/uploads\/microgerenciamento-quais-sao-as-causas-impactos-negativos-e-como-resolver-2.jpg\",\"datePublished\":\"2020-03-17T17:35:24+00:00\",\"dateModified\":\"2021-09-25T03:02:24+00:00\",\"author\":{\"@id\":\"https:\/\/myabcm.com\/es\/#\/schema\/person\/93847a9a46d019ad889ba149ecdc4ee9\"},\"description\":\"Las causas de la microgesti\u00f3n pueden ser diversas, pero tienden a tener al menos dos ra\u00edces comunes: causas personales y causas organizacionales.\",\"inLanguage\":\"es\",\"potentialAction\":[{\"@type\":\"ReadAction\",\"target\":[\"https:\/\/myabcm.com\/es\/impactos-negativos-microgestion\/\"]}]},{\"@type\":\"ImageObject\",\"inLanguage\":\"es\",\"@id\":\"https:\/\/myabcm.com\/es\/impactos-negativos-microgestion\/#primaryimage\",\"url\":\"https:\/\/myabcm.com\/wp-content\/uploads\/microgerenciamento-quais-sao-as-causas-impactos-negativos-e-como-resolver-2.jpg\",\"contentUrl\":\"https:\/\/myabcm.com\/wp-content\/uploads\/microgerenciamento-quais-sao-as-causas-impactos-negativos-e-como-resolver-2.jpg\",\"width\":900,\"height\":374},{\"@type\":\"WebSite\",\"@id\":\"https:\/\/myabcm.com\/es\/#website\",\"url\":\"https:\/\/myabcm.com\/es\/\",\"name\":\"MyABCM\",\"description\":\"\",\"potentialAction\":[{\"@type\":\"SearchAction\",\"target\":{\"@type\":\"EntryPoint\",\"urlTemplate\":\"https:\/\/myabcm.com\/es\/?s={search_term_string}\"},\"query-input\":{\"@type\":\"PropertyValueSpecification\",\"valueRequired\":true,\"valueName\":\"search_term_string\"}}],\"inLanguage\":\"es\"},{\"@type\":\"Person\",\"@id\":\"https:\/\/myabcm.com\/es\/#\/schema\/person\/93847a9a46d019ad889ba149ecdc4ee9\",\"name\":\"Rodolpho Ramirez\",\"image\":{\"@type\":\"ImageObject\",\"inLanguage\":\"es\",\"@id\":\"https:\/\/myabcm.com\/es\/#\/schema\/person\/image\/\",\"url\":\"https:\/\/secure.gravatar.com\/avatar\/d2e56e5611288bb7dddc938920804f3fab455ca267cbc11afe6ecffb6690144f?s=96&d=mm&r=g\",\"contentUrl\":\"https:\/\/secure.gravatar.com\/avatar\/d2e56e5611288bb7dddc938920804f3fab455ca267cbc11afe6ecffb6690144f?s=96&d=mm&r=g\",\"caption\":\"Rodolpho Ramirez\"},\"sameAs\":[\"https:\/\/www.myabcm.com\/\"],\"url\":\"https:\/\/myabcm.com\/es\/author\/rodolpho\/\"}]}<\/script>\n<!-- \/ Yoast SEO plugin. -->","yoast_head_json":{"title":"Microgesti\u00f3n: \u00bfcu\u00e1les son las causas, los impactos negativos y c\u00f3mo resolverlo? - MyABCM","description":"Las causas de la microgesti\u00f3n pueden ser diversas, pero tienden a tener al menos dos ra\u00edces comunes: causas personales y causas organizacionales.","robots":{"index":"index","follow":"follow","max-snippet":"max-snippet:-1","max-image-preview":"max-image-preview:large","max-video-preview":"max-video-preview:-1"},"canonical":"https:\/\/myabcm.com\/es\/impactos-negativos-microgestion\/","og_locale":"es_ES","og_type":"article","og_title":"Microgesti\u00f3n: \u00bfcu\u00e1les son las causas, los impactos negativos y c\u00f3mo resolverlo? - MyABCM","og_description":"Las causas de la microgesti\u00f3n pueden ser diversas, pero tienden a tener al menos dos ra\u00edces comunes: causas personales y causas organizacionales.","og_url":"https:\/\/myabcm.com\/es\/impactos-negativos-microgestion\/","og_site_name":"MyABCM","article_publisher":"https:\/\/www.facebook.com\/MyABCM\/","article_published_time":"2020-03-17T17:35:24+00:00","article_modified_time":"2021-09-25T03:02:24+00:00","og_image":[{"width":900,"height":374,"url":"https:\/\/myabcm.com\/wp-content\/uploads\/microgerenciamento-quais-sao-as-causas-impactos-negativos-e-como-resolver-2.jpg","type":"image\/jpeg"}],"author":"Rodolpho Ramirez","twitter_card":"summary_large_image","twitter_creator":"@myabcm","twitter_site":"@myabcm","twitter_misc":{"Escrito por":"Rodolpho Ramirez","Tiempo de lectura":"3 minutos"},"schema":{"@context":"https:\/\/schema.org","@graph":[{"@type":"WebPage","@id":"https:\/\/myabcm.com\/es\/impactos-negativos-microgestion\/","url":"https:\/\/myabcm.com\/es\/impactos-negativos-microgestion\/","name":"Microgesti\u00f3n: \u00bfcu\u00e1les son las causas, los impactos negativos y c\u00f3mo resolverlo? - MyABCM","isPartOf":{"@id":"https:\/\/myabcm.com\/es\/#website"},"primaryImageOfPage":{"@id":"https:\/\/myabcm.com\/es\/impactos-negativos-microgestion\/#primaryimage"},"image":{"@id":"https:\/\/myabcm.com\/es\/impactos-negativos-microgestion\/#primaryimage"},"thumbnailUrl":"https:\/\/myabcm.com\/wp-content\/uploads\/microgerenciamento-quais-sao-as-causas-impactos-negativos-e-como-resolver-2.jpg","datePublished":"2020-03-17T17:35:24+00:00","dateModified":"2021-09-25T03:02:24+00:00","author":{"@id":"https:\/\/myabcm.com\/es\/#\/schema\/person\/93847a9a46d019ad889ba149ecdc4ee9"},"description":"Las causas de la microgesti\u00f3n pueden ser diversas, pero tienden a tener al menos dos ra\u00edces comunes: causas personales y causas organizacionales.","inLanguage":"es","potentialAction":[{"@type":"ReadAction","target":["https:\/\/myabcm.com\/es\/impactos-negativos-microgestion\/"]}]},{"@type":"ImageObject","inLanguage":"es","@id":"https:\/\/myabcm.com\/es\/impactos-negativos-microgestion\/#primaryimage","url":"https:\/\/myabcm.com\/wp-content\/uploads\/microgerenciamento-quais-sao-as-causas-impactos-negativos-e-como-resolver-2.jpg","contentUrl":"https:\/\/myabcm.com\/wp-content\/uploads\/microgerenciamento-quais-sao-as-causas-impactos-negativos-e-como-resolver-2.jpg","width":900,"height":374},{"@type":"WebSite","@id":"https:\/\/myabcm.com\/es\/#website","url":"https:\/\/myabcm.com\/es\/","name":"MyABCM","description":"","potentialAction":[{"@type":"SearchAction","target":{"@type":"EntryPoint","urlTemplate":"https:\/\/myabcm.com\/es\/?s={search_term_string}"},"query-input":{"@type":"PropertyValueSpecification","valueRequired":true,"valueName":"search_term_string"}}],"inLanguage":"es"},{"@type":"Person","@id":"https:\/\/myabcm.com\/es\/#\/schema\/person\/93847a9a46d019ad889ba149ecdc4ee9","name":"Rodolpho Ramirez","image":{"@type":"ImageObject","inLanguage":"es","@id":"https:\/\/myabcm.com\/es\/#\/schema\/person\/image\/","url":"https:\/\/secure.gravatar.com\/avatar\/d2e56e5611288bb7dddc938920804f3fab455ca267cbc11afe6ecffb6690144f?s=96&d=mm&r=g","contentUrl":"https:\/\/secure.gravatar.com\/avatar\/d2e56e5611288bb7dddc938920804f3fab455ca267cbc11afe6ecffb6690144f?s=96&d=mm&r=g","caption":"Rodolpho Ramirez"},"sameAs":["https:\/\/www.myabcm.com\/"],"url":"https:\/\/myabcm.com\/es\/author\/rodolpho\/"}]}},"_links":{"self":[{"href":"https:\/\/myabcm.com\/es\/wp-json\/wp\/v2\/posts\/25748","targetHints":{"allow":["GET"]}}],"collection":[{"href":"https:\/\/myabcm.com\/es\/wp-json\/wp\/v2\/posts"}],"about":[{"href":"https:\/\/myabcm.com\/es\/wp-json\/wp\/v2\/types\/post"}],"author":[{"embeddable":true,"href":"https:\/\/myabcm.com\/es\/wp-json\/wp\/v2\/users\/15"}],"replies":[{"embeddable":true,"href":"https:\/\/myabcm.com\/es\/wp-json\/wp\/v2\/comments?post=25748"}],"version-history":[{"count":0,"href":"https:\/\/myabcm.com\/es\/wp-json\/wp\/v2\/posts\/25748\/revisions"}],"wp:featuredmedia":[{"embeddable":true,"href":"https:\/\/myabcm.com\/es\/wp-json\/wp\/v2\/media\/25749"}],"wp:attachment":[{"href":"https:\/\/myabcm.com\/es\/wp-json\/wp\/v2\/media?parent=25748"}],"wp:term":[{"taxonomy":"category","embeddable":true,"href":"https:\/\/myabcm.com\/es\/wp-json\/wp\/v2\/categories?post=25748"},{"taxonomy":"post_tag","embeddable":true,"href":"https:\/\/myabcm.com\/es\/wp-json\/wp\/v2\/tags?post=25748"}],"curies":[{"name":"wp","href":"https:\/\/api.w.org\/{rel}","templated":true}]}}