{"id":33251,"date":"2018-09-20T07:25:56","date_gmt":"2018-09-20T10:25:56","guid":{"rendered":"https:\/\/myabcm.com\/capacitacion-del-personal-vs-contratacion-externa-que-vale-mas-la-pena\/"},"modified":"2022-12-07T09:31:53","modified_gmt":"2022-12-07T12:31:53","slug":"capacitacion-del-personal-vs-contratacion-externa-que-vale-mas-la-pena","status":"publish","type":"post","link":"https:\/\/myabcm.com\/es\/capacitacion-del-personal-vs-contratacion-externa-que-vale-mas-la-pena\/","title":{"rendered":"Capacitaci\u00f3n del personal vs. Contrataci\u00f3n externa: \u00bfQu\u00e9 vale m\u00e1s la pena?"},"content":{"rendered":"<p><span data-contrast=\"none\">El mercado de trabajo ha experimentado profundos cambios en todo el mundo, y uno de los choques m\u00e1s comunes es la capacitaci\u00f3n del personal versus la contrataci\u00f3n externa. En algunos pa\u00edses, las leyes son m\u00e1s flexibles en relaci\u00f3n con la contrataci\u00f3n externa de mano de obra; sin embargo, todav\u00eda hay personas que creen que la subcontrataci\u00f3n siempre es un mal negocio para la empresa y para los empleados.<\/span><span data-ccp-props=\"{&quot;201341983&quot;:2,&quot;335551550&quot;:6,&quot;335551620&quot;:6,&quot;335559739&quot;:150,&quot;335559740&quot;:293}\">\u00a0<\/span><\/p>\n<p><span data-contrast=\"none\">Si se enfrenta a este dilema, no se preocupe: este art\u00edculo analizar\u00e1 los pros y los contras de cada opci\u00f3n. \u00a1Comencemos!<\/span><span data-ccp-props=\"{&quot;201341983&quot;:2,&quot;335551550&quot;:6,&quot;335551620&quot;:6,&quot;335559739&quot;:150,&quot;335559740&quot;:293}\">\u00a0<\/span><\/p>\n<h2><b><span data-contrast=\"auto\">Capacitaci\u00f3n del personal vs. Contrataci\u00f3n externa: Establecer una mea<\/span><\/b><span data-ccp-props=\"{&quot;134233117&quot;:true,&quot;201341983&quot;:2,&quot;335559739&quot;:150,&quot;335559740&quot;:473}\">\u00a0<\/span><\/h2>\n<p><span data-contrast=\"none\">En muchas empresas, existe una tendencia a subcontratar trabajos que no est\u00e1n vinculados a su actividad principal. De esta forma, se <\/span><a href=\"https:\/\/www.myabcm.com\/es\/blog-post\/gestion-de-costos-como-hacerlo\/\"><span data-contrast=\"none\">ahorran recursos<\/span><\/a><span data-contrast=\"none\"> y la administraci\u00f3n se enfoca en el trabajo de aquellos profesionales que son partes clave del negocio.<\/span><span data-ccp-props=\"{&quot;201341983&quot;:2,&quot;335551550&quot;:6,&quot;335551620&quot;:6,&quot;335559739&quot;:150,&quot;335559740&quot;:293}\">\u00a0<\/span><\/p>\n<p><span data-contrast=\"none\">Sin embargo, seguir una tendencia puede no ser ideal para todas las empresas. Antes de hacerlo, el empresario debe definir el prop\u00f3sito de cada trabajo en relaci\u00f3n con los procesos del negocio. Entonces, es posible contextualizar las ventajas y desventajas de cada decisi\u00f3n.<\/span><span data-ccp-props=\"{&quot;201341983&quot;:2,&quot;335551550&quot;:6,&quot;335551620&quot;:6,&quot;335559739&quot;:150,&quot;335559740&quot;:293}\">\u00a0<\/span><\/p>\n<h2><b><span data-contrast=\"auto\">Contrataci\u00f3n externa<\/span><\/b><span data-ccp-props=\"{&quot;134233117&quot;:true,&quot;201341983&quot;:2,&quot;335559739&quot;:150,&quot;335559740&quot;:473}\">\u00a0<\/span><\/h2>\n<p><span data-contrast=\"none\">Este es el modelo de trabajo que se caracteriza por la contrataci\u00f3n de otra empresa que brinda servicios.<\/span><span data-ccp-props=\"{&quot;201341983&quot;:2,&quot;335551550&quot;:6,&quot;335551620&quot;:6,&quot;335559739&quot;:150,&quot;335559740&quot;:293}\">\u00a0<\/span><\/p>\n<h3><b><span data-contrast=\"auto\">Ventajas<\/span><\/b><span data-ccp-props=\"{&quot;134233117&quot;:true,&quot;201341983&quot;:2,&quot;335559739&quot;:150,&quot;335559740&quot;:420}\">\u00a0<\/span><\/h3>\n<p><span data-contrast=\"none\">Como se mencion\u00f3 en el tema anterior, la <\/span><a href=\"https:\/\/www.myabcm.com\/es\/blog-post\/comprenda-el-mito-de-la-liquidez-y-descubra-como-prevenirlo\/\"><span data-contrast=\"none\">reducci\u00f3n de gastos<\/span><\/a><span data-contrast=\"none\"> y el enfoque en los principales procesos de trabajo son las ventajas innegables de la contrataci\u00f3n externa.<\/span><span data-ccp-props=\"{&quot;201341983&quot;:2,&quot;335551550&quot;:6,&quot;335551620&quot;:6,&quot;335559739&quot;:150,&quot;335559740&quot;:293}\">\u00a0<\/span><\/p>\n<p><span data-contrast=\"none\">Otro punto importante es la agilidad en la contrataci\u00f3n de profesionales y la reducci\u00f3n de la burocracia en materia laboral o contractual, despu\u00e9s de todo, el proveedor del servicio es responsable de estos.<\/span><span data-ccp-props=\"{&quot;201341983&quot;:2,&quot;335551550&quot;:6,&quot;335551620&quot;:6,&quot;335559739&quot;:150,&quot;335559740&quot;:293}\">\u00a0<\/span><\/p>\n<h3><b><span data-contrast=\"auto\">Desventajas<\/span><\/b><span data-ccp-props=\"{&quot;134233117&quot;:true,&quot;201341983&quot;:2,&quot;335559739&quot;:150,&quot;335559740&quot;:420}\">\u00a0<\/span><\/h3>\n<p><span data-contrast=\"none\">El problema de tener a alguien que no es parte de su negocio es que generalmente hay una falta de sinergia entre los trabajadores subcontratados y los profesionales contratados por la empresa. Dependiendo del negocio, esto puede ser un problema.<\/span><span data-ccp-props=\"{&quot;201341983&quot;:2,&quot;335551550&quot;:6,&quot;335551620&quot;:6,&quot;335559739&quot;:150,&quot;335559740&quot;:293}\">\u00a0<\/span><\/p>\n<p><span data-contrast=\"none\">Debido a esto, la empresa contratada puede cometer errores que da\u00f1an la imagen del contratista, y en ese sentido, el cliente no tiene manera de saber qu\u00e9 profesionales se subcontratan.<\/span><span data-ccp-props=\"{&quot;201341983&quot;:2,&quot;335551550&quot;:6,&quot;335551620&quot;:6,&quot;335559739&quot;:150,&quot;335559740&quot;:293}\">\u00a0<\/span><\/p>\n<p><span data-contrast=\"none\">Adem\u00e1s, los costos pueden ser m\u00e1s altos dependiendo del grado de calificaci\u00f3n del trabajador subcontratado, impactando directamente los resultados financieros de un proyecto.<\/span><span data-ccp-props=\"{&quot;201341983&quot;:2,&quot;335551550&quot;:6,&quot;335551620&quot;:6,&quot;335559739&quot;:150,&quot;335559740&quot;:293}\">\u00a0<\/span><\/p>\n<h2><b><span data-contrast=\"auto\">Capacitaci\u00f3n del personal<\/span><\/b><span data-ccp-props=\"{&quot;134233117&quot;:true,&quot;201341983&quot;:2,&quot;335559739&quot;:150,&quot;335559740&quot;:473}\">\u00a0<\/span><\/h2>\n<p><span data-contrast=\"none\">Este es un proyecto desarrollado por las empresas para capacitar a los empleados, haci\u00e9ndolos m\u00e1s calificados, en constante evoluci\u00f3n, en un tipo de tarea.<\/span><span data-ccp-props=\"{&quot;201341983&quot;:2,&quot;335551550&quot;:6,&quot;335551620&quot;:6,&quot;335559739&quot;:150,&quot;335559740&quot;:293}\">\u00a0<\/span><\/p>\n<h3><b><span data-contrast=\"auto\">Ventajas<\/span><\/b><span data-ccp-props=\"{&quot;134233117&quot;:true,&quot;201341983&quot;:2,&quot;335559739&quot;:150,&quot;335559740&quot;:420}\">\u00a0<\/span><\/h3>\n<p><span data-contrast=\"none\">La calificaci\u00f3n de un profesional que ya est\u00e1 integrado a la empresa, tiene conocimiento de los proyectos que desarrolla y est\u00e1 de acuerdo con los objetivos de la empresa, se considera la principal ventaja.<\/span><span data-ccp-props=\"{&quot;201341983&quot;:2,&quot;335551550&quot;:6,&quot;335551620&quot;:6,&quot;335559739&quot;:150,&quot;335559740&quot;:293}\">\u00a0<\/span><\/p>\n<p><span data-contrast=\"none\">Adem\u00e1s, el profesional se siente valorado cuando recibe una inversi\u00f3n en su calificaci\u00f3n, y este sentimiento afecta su productividad y contribuye a un ambiente de trabajo agradable.<\/span><span data-ccp-props=\"{&quot;201341983&quot;:2,&quot;335551550&quot;:6,&quot;335551620&quot;:6,&quot;335559739&quot;:150,&quot;335559740&quot;:293}\">\u00a0<\/span><\/p>\n<p><span data-contrast=\"none\">Adem\u00e1s, se ahorra tiempo necesario para integrar profesionales externos a un proyecto. Por \u00faltimo, la inversi\u00f3n en capacitaci\u00f3n se realiza solo una vez.<\/span><span data-ccp-props=\"{&quot;201341983&quot;:2,&quot;335551550&quot;:6,&quot;335551620&quot;:6,&quot;335559739&quot;:150,&quot;335559740&quot;:293}\">\u00a0<\/span><\/p>\n<p><b><span data-contrast=\"auto\">Desventajas<\/span><\/b><span data-ccp-props=\"{&quot;134233117&quot;:true,&quot;201341983&quot;:2,&quot;335559739&quot;:150,&quot;335559740&quot;:420}\">\u00a0<\/span><\/p>\n<p><span data-contrast=\"none\">Este modelo no se recomienda para actividades muy espec\u00edficas o para actividades que no se desarrollar\u00e1n con frecuencia. Otro punto negativo es que el empleado no cubrir\u00e1 su posici\u00f3n durante el entrenamiento, lo que afectar\u00e1 su productividad.<\/span><span data-ccp-props=\"{&quot;201341983&quot;:2,&quot;335551550&quot;:6,&quot;335551620&quot;:6,&quot;335559739&quot;:150,&quot;335559740&quot;:293}\">\u00a0<\/span><\/p>\n<p><span data-contrast=\"none\">Vale la pena recordar que hay un alto <\/span><a href=\"https:\/\/www.myabcm.com\/es\/blog-post\/los-3-errores-mas-grandes-al-determinar-la-ganancia-operativa\/\"><span data-contrast=\"none\">costo involucrado<\/span><\/a><span data-contrast=\"none\"> en la contrataci\u00f3n de una empresa para capacitar o educar a un profesional para ense\u00f1ar a sus colegas. Por lo tanto, la capacitaci\u00f3n se debe realizar para cumplir con las demandas reales de la compa\u00f1\u00eda.<\/span><span data-ccp-props=\"{&quot;201341983&quot;:2,&quot;335551550&quot;:6,&quot;335551620&quot;:6,&quot;335559739&quot;:150,&quot;335559740&quot;:293}\">\u00a0<\/span><\/p>\n<p><span data-contrast=\"none\">Ahora que ha entendido m\u00e1s acerca de las diferencias entre la capacitaci\u00f3n del personal y la contrataci\u00f3n externa, puede reconsiderar el papel que desempe\u00f1a cada empleado en el desarrollo de los objetivos de la empresa. Despu\u00e9s de todo, contratar a una persona es una inversi\u00f3n.<\/span><span data-ccp-props=\"{&quot;201341983&quot;:2,&quot;335551550&quot;:6,&quot;335551620&quot;:6,&quot;335559739&quot;:150,&quot;335559740&quot;:293}\">\u00a0<\/span><\/p>\n<p><span data-contrast=\"none\">Si le gust\u00f3 este art\u00edculo, comp\u00e1rtalo en sus redes sociales para que m\u00e1s personas entiendan esta relaci\u00f3n.<\/span><span data-ccp-props=\"{&quot;201341983&quot;:2,&quot;335551550&quot;:6,&quot;335551620&quot;:6,&quot;335559739&quot;:150,&quot;335559740&quot;:293}\">\u00a0<\/span><\/p>\n","protected":false},"excerpt":{"rendered":"<p>El mercado de trabajo ha experimentado profundos cambios en todo el mundo, y uno de los choques m\u00e1s comunes es la capacitaci\u00f3n del personal versus la contrataci\u00f3n externa. En algunos pa\u00edses, las leyes son m\u00e1s flexibles en relaci\u00f3n con la contrataci\u00f3n externa de mano de obra; sin embargo, todav\u00eda hay personas que creen que la [&hellip;]<\/p>\n","protected":false},"author":16,"featured_media":33248,"comment_status":"open","ping_status":"open","sticky":false,"template":"","format":"standard","meta":{"_acf_changed":false,"content-type":"","footnotes":""},"categories":[2128],"tags":[],"class_list":["post-33251","post","type-post","status-publish","format-standard","has-post-thumbnail","hentry","category-others"],"acf":[],"yoast_head":"<!-- This site is optimized with the Yoast SEO plugin v26.5 - https:\/\/yoast.com\/wordpress\/plugins\/seo\/ -->\n<title>Capacitaci\u00f3n del personal vs. Contrataci\u00f3n externa: \u00bfQu\u00e9 vale m\u00e1s la pena? - MyABCM<\/title>\n<meta name=\"robots\" content=\"index, follow, max-snippet:-1, max-image-preview:large, max-video-preview:-1\" \/>\n<link rel=\"canonical\" href=\"https:\/\/myabcm.com\/es\/capacitacion-del-personal-vs-contratacion-externa-que-vale-mas-la-pena\/\" \/>\n<meta property=\"og:locale\" content=\"es_ES\" \/>\n<meta property=\"og:type\" content=\"article\" \/>\n<meta property=\"og:title\" content=\"Capacitaci\u00f3n del personal vs. Contrataci\u00f3n externa: \u00bfQu\u00e9 vale m\u00e1s la pena? - MyABCM\" \/>\n<meta property=\"og:description\" content=\"El mercado de trabajo ha experimentado profundos cambios en todo el mundo, y uno de los choques m\u00e1s comunes es la capacitaci\u00f3n del personal versus la contrataci\u00f3n externa. En algunos pa\u00edses, las leyes son m\u00e1s flexibles en relaci\u00f3n con la contrataci\u00f3n externa de mano de obra; sin embargo, todav\u00eda hay personas que creen que la [&hellip;]\" \/>\n<meta property=\"og:url\" content=\"https:\/\/myabcm.com\/es\/capacitacion-del-personal-vs-contratacion-externa-que-vale-mas-la-pena\/\" \/>\n<meta property=\"og:site_name\" content=\"MyABCM\" \/>\n<meta property=\"article:publisher\" content=\"https:\/\/www.facebook.com\/MyABCM\/\" \/>\n<meta property=\"article:published_time\" content=\"2018-09-20T10:25:56+00:00\" \/>\n<meta property=\"article:modified_time\" content=\"2022-12-07T12:31:53+00:00\" \/>\n<meta property=\"og:image\" content=\"https:\/\/myabcm.com\/wp-content\/uploads\/195783-treinamento-de-equipe-x-terceirizacao-o-que-vale-mais-a-pena.jpg\" \/>\n\t<meta property=\"og:image:width\" content=\"2000\" \/>\n\t<meta property=\"og:image:height\" content=\"1334\" \/>\n\t<meta property=\"og:image:type\" content=\"image\/jpeg\" \/>\n<meta name=\"author\" content=\"Helena Rocha\" \/>\n<meta name=\"twitter:card\" content=\"summary_large_image\" \/>\n<meta name=\"twitter:creator\" content=\"@myabcm\" \/>\n<meta name=\"twitter:site\" content=\"@myabcm\" \/>\n<meta name=\"twitter:label1\" content=\"Escrito por\" \/>\n\t<meta name=\"twitter:data1\" content=\"Helena Rocha\" \/>\n\t<meta name=\"twitter:label2\" content=\"Tiempo de lectura\" \/>\n\t<meta name=\"twitter:data2\" content=\"3 minutos\" \/>\n<script type=\"application\/ld+json\" class=\"yoast-schema-graph\">{\"@context\":\"https:\/\/schema.org\",\"@graph\":[{\"@type\":\"WebPage\",\"@id\":\"https:\/\/myabcm.com\/es\/capacitacion-del-personal-vs-contratacion-externa-que-vale-mas-la-pena\/\",\"url\":\"https:\/\/myabcm.com\/es\/capacitacion-del-personal-vs-contratacion-externa-que-vale-mas-la-pena\/\",\"name\":\"Capacitaci\u00f3n del personal vs. Contrataci\u00f3n externa: \u00bfQu\u00e9 vale m\u00e1s la pena? - MyABCM\",\"isPartOf\":{\"@id\":\"https:\/\/myabcm.com\/es\/#website\"},\"primaryImageOfPage\":{\"@id\":\"https:\/\/myabcm.com\/es\/capacitacion-del-personal-vs-contratacion-externa-que-vale-mas-la-pena\/#primaryimage\"},\"image\":{\"@id\":\"https:\/\/myabcm.com\/es\/capacitacion-del-personal-vs-contratacion-externa-que-vale-mas-la-pena\/#primaryimage\"},\"thumbnailUrl\":\"https:\/\/myabcm.com\/wp-content\/uploads\/195783-treinamento-de-equipe-x-terceirizacao-o-que-vale-mais-a-pena.jpg\",\"datePublished\":\"2018-09-20T10:25:56+00:00\",\"dateModified\":\"2022-12-07T12:31:53+00:00\",\"author\":{\"@id\":\"https:\/\/myabcm.com\/es\/#\/schema\/person\/31aafeb16f0ab6b2631da166c9e5de97\"},\"inLanguage\":\"es\",\"potentialAction\":[{\"@type\":\"ReadAction\",\"target\":[\"https:\/\/myabcm.com\/es\/capacitacion-del-personal-vs-contratacion-externa-que-vale-mas-la-pena\/\"]}]},{\"@type\":\"ImageObject\",\"inLanguage\":\"es\",\"@id\":\"https:\/\/myabcm.com\/es\/capacitacion-del-personal-vs-contratacion-externa-que-vale-mas-la-pena\/#primaryimage\",\"url\":\"https:\/\/myabcm.com\/wp-content\/uploads\/195783-treinamento-de-equipe-x-terceirizacao-o-que-vale-mais-a-pena.jpg\",\"contentUrl\":\"https:\/\/myabcm.com\/wp-content\/uploads\/195783-treinamento-de-equipe-x-terceirizacao-o-que-vale-mais-a-pena.jpg\",\"width\":2000,\"height\":1334},{\"@type\":\"WebSite\",\"@id\":\"https:\/\/myabcm.com\/es\/#website\",\"url\":\"https:\/\/myabcm.com\/es\/\",\"name\":\"MyABCM\",\"description\":\"\",\"potentialAction\":[{\"@type\":\"SearchAction\",\"target\":{\"@type\":\"EntryPoint\",\"urlTemplate\":\"https:\/\/myabcm.com\/es\/?s={search_term_string}\"},\"query-input\":{\"@type\":\"PropertyValueSpecification\",\"valueRequired\":true,\"valueName\":\"search_term_string\"}}],\"inLanguage\":\"es\"},{\"@type\":\"Person\",\"@id\":\"https:\/\/myabcm.com\/es\/#\/schema\/person\/31aafeb16f0ab6b2631da166c9e5de97\",\"name\":\"Helena Rocha\",\"image\":{\"@type\":\"ImageObject\",\"inLanguage\":\"es\",\"@id\":\"https:\/\/myabcm.com\/es\/#\/schema\/person\/image\/\",\"url\":\"https:\/\/secure.gravatar.com\/avatar\/26d84e9a97f325f69431be8d55458cbc4da64b6bd294f87e2bd37ddd1b198f95?s=96&d=mm&r=g\",\"contentUrl\":\"https:\/\/secure.gravatar.com\/avatar\/26d84e9a97f325f69431be8d55458cbc4da64b6bd294f87e2bd37ddd1b198f95?s=96&d=mm&r=g\",\"caption\":\"Helena Rocha\"},\"url\":\"https:\/\/myabcm.com\/es\/author\/helena\/\"}]}<\/script>\n<!-- \/ Yoast SEO plugin. -->","yoast_head_json":{"title":"Capacitaci\u00f3n del personal vs. Contrataci\u00f3n externa: \u00bfQu\u00e9 vale m\u00e1s la pena? - MyABCM","robots":{"index":"index","follow":"follow","max-snippet":"max-snippet:-1","max-image-preview":"max-image-preview:large","max-video-preview":"max-video-preview:-1"},"canonical":"https:\/\/myabcm.com\/es\/capacitacion-del-personal-vs-contratacion-externa-que-vale-mas-la-pena\/","og_locale":"es_ES","og_type":"article","og_title":"Capacitaci\u00f3n del personal vs. Contrataci\u00f3n externa: \u00bfQu\u00e9 vale m\u00e1s la pena? - MyABCM","og_description":"El mercado de trabajo ha experimentado profundos cambios en todo el mundo, y uno de los choques m\u00e1s comunes es la capacitaci\u00f3n del personal versus la contrataci\u00f3n externa. En algunos pa\u00edses, las leyes son m\u00e1s flexibles en relaci\u00f3n con la contrataci\u00f3n externa de mano de obra; sin embargo, todav\u00eda hay personas que creen que la [&hellip;]","og_url":"https:\/\/myabcm.com\/es\/capacitacion-del-personal-vs-contratacion-externa-que-vale-mas-la-pena\/","og_site_name":"MyABCM","article_publisher":"https:\/\/www.facebook.com\/MyABCM\/","article_published_time":"2018-09-20T10:25:56+00:00","article_modified_time":"2022-12-07T12:31:53+00:00","og_image":[{"width":2000,"height":1334,"url":"https:\/\/myabcm.com\/wp-content\/uploads\/195783-treinamento-de-equipe-x-terceirizacao-o-que-vale-mais-a-pena.jpg","type":"image\/jpeg"}],"author":"Helena Rocha","twitter_card":"summary_large_image","twitter_creator":"@myabcm","twitter_site":"@myabcm","twitter_misc":{"Escrito por":"Helena Rocha","Tiempo de lectura":"3 minutos"},"schema":{"@context":"https:\/\/schema.org","@graph":[{"@type":"WebPage","@id":"https:\/\/myabcm.com\/es\/capacitacion-del-personal-vs-contratacion-externa-que-vale-mas-la-pena\/","url":"https:\/\/myabcm.com\/es\/capacitacion-del-personal-vs-contratacion-externa-que-vale-mas-la-pena\/","name":"Capacitaci\u00f3n del personal vs. Contrataci\u00f3n externa: \u00bfQu\u00e9 vale m\u00e1s la pena? - MyABCM","isPartOf":{"@id":"https:\/\/myabcm.com\/es\/#website"},"primaryImageOfPage":{"@id":"https:\/\/myabcm.com\/es\/capacitacion-del-personal-vs-contratacion-externa-que-vale-mas-la-pena\/#primaryimage"},"image":{"@id":"https:\/\/myabcm.com\/es\/capacitacion-del-personal-vs-contratacion-externa-que-vale-mas-la-pena\/#primaryimage"},"thumbnailUrl":"https:\/\/myabcm.com\/wp-content\/uploads\/195783-treinamento-de-equipe-x-terceirizacao-o-que-vale-mais-a-pena.jpg","datePublished":"2018-09-20T10:25:56+00:00","dateModified":"2022-12-07T12:31:53+00:00","author":{"@id":"https:\/\/myabcm.com\/es\/#\/schema\/person\/31aafeb16f0ab6b2631da166c9e5de97"},"inLanguage":"es","potentialAction":[{"@type":"ReadAction","target":["https:\/\/myabcm.com\/es\/capacitacion-del-personal-vs-contratacion-externa-que-vale-mas-la-pena\/"]}]},{"@type":"ImageObject","inLanguage":"es","@id":"https:\/\/myabcm.com\/es\/capacitacion-del-personal-vs-contratacion-externa-que-vale-mas-la-pena\/#primaryimage","url":"https:\/\/myabcm.com\/wp-content\/uploads\/195783-treinamento-de-equipe-x-terceirizacao-o-que-vale-mais-a-pena.jpg","contentUrl":"https:\/\/myabcm.com\/wp-content\/uploads\/195783-treinamento-de-equipe-x-terceirizacao-o-que-vale-mais-a-pena.jpg","width":2000,"height":1334},{"@type":"WebSite","@id":"https:\/\/myabcm.com\/es\/#website","url":"https:\/\/myabcm.com\/es\/","name":"MyABCM","description":"","potentialAction":[{"@type":"SearchAction","target":{"@type":"EntryPoint","urlTemplate":"https:\/\/myabcm.com\/es\/?s={search_term_string}"},"query-input":{"@type":"PropertyValueSpecification","valueRequired":true,"valueName":"search_term_string"}}],"inLanguage":"es"},{"@type":"Person","@id":"https:\/\/myabcm.com\/es\/#\/schema\/person\/31aafeb16f0ab6b2631da166c9e5de97","name":"Helena Rocha","image":{"@type":"ImageObject","inLanguage":"es","@id":"https:\/\/myabcm.com\/es\/#\/schema\/person\/image\/","url":"https:\/\/secure.gravatar.com\/avatar\/26d84e9a97f325f69431be8d55458cbc4da64b6bd294f87e2bd37ddd1b198f95?s=96&d=mm&r=g","contentUrl":"https:\/\/secure.gravatar.com\/avatar\/26d84e9a97f325f69431be8d55458cbc4da64b6bd294f87e2bd37ddd1b198f95?s=96&d=mm&r=g","caption":"Helena Rocha"},"url":"https:\/\/myabcm.com\/es\/author\/helena\/"}]}},"_links":{"self":[{"href":"https:\/\/myabcm.com\/es\/wp-json\/wp\/v2\/posts\/33251","targetHints":{"allow":["GET"]}}],"collection":[{"href":"https:\/\/myabcm.com\/es\/wp-json\/wp\/v2\/posts"}],"about":[{"href":"https:\/\/myabcm.com\/es\/wp-json\/wp\/v2\/types\/post"}],"author":[{"embeddable":true,"href":"https:\/\/myabcm.com\/es\/wp-json\/wp\/v2\/users\/16"}],"replies":[{"embeddable":true,"href":"https:\/\/myabcm.com\/es\/wp-json\/wp\/v2\/comments?post=33251"}],"version-history":[{"count":1,"href":"https:\/\/myabcm.com\/es\/wp-json\/wp\/v2\/posts\/33251\/revisions"}],"predecessor-version":[{"id":33375,"href":"https:\/\/myabcm.com\/es\/wp-json\/wp\/v2\/posts\/33251\/revisions\/33375"}],"wp:featuredmedia":[{"embeddable":true,"href":"https:\/\/myabcm.com\/es\/wp-json\/wp\/v2\/media\/33248"}],"wp:attachment":[{"href":"https:\/\/myabcm.com\/es\/wp-json\/wp\/v2\/media?parent=33251"}],"wp:term":[{"taxonomy":"category","embeddable":true,"href":"https:\/\/myabcm.com\/es\/wp-json\/wp\/v2\/categories?post=33251"},{"taxonomy":"post_tag","embeddable":true,"href":"https:\/\/myabcm.com\/es\/wp-json\/wp\/v2\/tags?post=33251"}],"curies":[{"name":"wp","href":"https:\/\/api.w.org\/{rel}","templated":true}]}}