{"id":33892,"date":"2023-03-22T12:37:09","date_gmt":"2023-03-22T15:37:09","guid":{"rendered":"https:\/\/myabcm.com\/tercera-recesion-en-dos-decadas-los-expertos-debaten-sobre-el-agravamiento-de-la-crisis-economica-mundial\/"},"modified":"2023-03-22T12:40:41","modified_gmt":"2023-03-22T15:40:41","slug":"crisis-economica-mundial","status":"publish","type":"post","link":"https:\/\/myabcm.com\/es\/crisis-economica-mundial\/","title":{"rendered":"Tercera recesi\u00f3n en dos d\u00e9cadas: los expertos debaten sobre el agravamiento de la crisis econ\u00f3mica mundial"},"content":{"rendered":"<p>Las crisis suelen llegar sin previo aviso. Pero esta vez el escenario es diferente. Con un contexto econ\u00f3mico y social sin precedentes, los expertos predicen un empeoramiento de la inestabilidad en la econom\u00eda mundial.<\/p>\n<p>La expectativa en 2020 era que las econom\u00edas mejorar\u00edan a medida que nos recuper\u00e1ramos de la pandemia del Covid-19. Sin embargo, el pron\u00f3stico para la econom\u00eda mundial hasta 2024 no es alentador.<\/p>\n<p>Las proyecciones revelan una ralentizaci\u00f3n del crecimiento incluso en los pa\u00edses en desarrollo (que suelen registrar mejores tasas), con una expansi\u00f3n muy por debajo de las expectativas. Los datos del Banco Mundial en su informe m\u00e1s reciente sobre Perspectivas Econ\u00f3micas Mundiales revelan una probable crisis mundial ante la elevada inflaci\u00f3n, los tipos de inter\u00e9s igualmente altos y la reducci\u00f3n de las inversiones.<\/p>\n<h2>Aumento de la inflaci\u00f3n, ca\u00edda del crecimiento econ\u00f3mico<\/h2>\n<p>Las previsiones del Banco Mundial indican que la econom\u00eda mundial crecer\u00e1 un 1,7% este a\u00f1o y un 2,7% en 2024. Estas cifras reflejan una situaci\u00f3n generalizada que afectar\u00e1 a los mercados de todos los continentes, con expectativas de bajo crecimiento para el 95% de las econom\u00edas del primer mundo y para aproximadamente el 70% de las econom\u00edas en desarrollo.<\/p>\n<p>Se calcula que en 2024 la econom\u00eda mundial crecer\u00e1 un 6% menos de lo previsto para 2020, el a\u00f1o anterior al estallido de la pandemia del Covid-19. En un contexto m\u00e1s alarmante, estos datos encienden la luz roja para las empresas de todo el mundo: con estas perspectivas debilitadas, cualquier acontecimiento adverso puede iniciar una recesi\u00f3n.<\/p>\n<p>Un aumento de los casos de Covid-19, las tensiones militares entre pa\u00edses o la fragilizaci\u00f3n bancaria con quiebras de bancos como Silicon Valley Bank y el rescate de Republic Bank y Credit Suisse podr\u00edan ser el empuj\u00f3n que falta. Acontecimientos de este tipo pueden provocar la ca\u00edda en picada del PIB, el descenso de los ingresos reales, el aumento del desempleo y la inactividad de las industrias, con empresas de diversos segmentos experimentando graves crisis o incluso llegando a la quiebra.<\/p>\n<h2>Inflaci\u00f3n por encima de los niveles prepand\u00e9micos<\/h2>\n<p>A pesar de tender a la baja a finales del pr\u00f3ximo a\u00f1o, la inflaci\u00f3n se mantendr\u00e1 por encima de las tasas obtenidas antes del inicio de la pandemia del coronavirus. La elevada inflaci\u00f3n, unida a las previsiones de bajo crecimiento econ\u00f3mico en 2024, provocar\u00e1 una reducci\u00f3n de la demanda exterior y la depreciaci\u00f3n de las monedas de las econom\u00edas emergentes. Se prev\u00e9 una ralentizaci\u00f3n del crecimiento de las econom\u00edas avanzadas, que pasar\u00e1 del 2,5% en 2022 al 0,5% en 2023.<\/p>\n<p>En los \u00faltimos 20 a\u00f1os, descensos de esta magnitud precedieron a recesiones mundiales (en 2009 y 2020). Para EE.UU. en 2023, por ejemplo, se pronostican los peores resultados econ\u00f3micos fuera de los periodos de recesi\u00f3n en 53 a\u00f1os.<\/p>\n<h2>Lo que dicen los expertos<\/h2>\n<p>Sin embargo, hay quienes creen que la crisis es inevitable, con o sin grandes imprevistos mundiales. Tom Simons, economista especializado en el mercado financiero, predice un periodo de recesi\u00f3n cl\u00e1sica.<\/p>\n<p>Seg\u00fan Simons, el aumento de la inflaci\u00f3n y de los tipos de inter\u00e9s deber\u00eda provocar una ca\u00edda significativa de los m\u00e1rgenes de beneficio de las organizaciones, lo que se traducir\u00eda en recortes de gastos que deber\u00edan comenzar por reducciones de personal. Simons cree que este agravamiento de la crisis comenzar\u00e1 a mediados de este a\u00f1o y afectar\u00e1 tanto a las econom\u00edas avanzadas como a las que est\u00e1n en v\u00edas de desarrollo.<\/p>\n<p>Por otro lado, las opiniones empiezan a dividirse entre los acad\u00e9micos. Las anomal\u00edas del contexto econ\u00f3mico actual pueden implicar un comportamiento diferente de los mercados, dando lugar a desarrollos inesperados. Mark Zandi, responsable de econom\u00eda de Moods Analytics, afirma que la simple expectativa de una recesi\u00f3n puede conducir a resultados inesperados.<\/p>\n<p>Seg\u00fan Zandi, con todo el mundo previendo y prepar\u00e1ndose para la crisis, un fen\u00f3meno pr\u00e1cticamente sin precedentes, el panorama puede evolucionar de forma diferente, dando lugar a un enfriamiento de la inflaci\u00f3n e incluso a un posible descenso de la tasa de desempleo.<\/p>\n<p>La certeza que tenemos es que la crisis est\u00e1 aqu\u00ed, despu\u00e9s de todo, niveles de crecimiento econ\u00f3mico como los actuales apuntan hist\u00f3ricamente a la aparici\u00f3n de otra recesi\u00f3n mundial. Sin embargo, es dif\u00edcil decir cu\u00e1l ser\u00e1 el alcance de los da\u00f1os y el impacto en los diferentes mercados.<\/p>\n<p>As\u00ed pues, los directivos s\u00f3lo pueden vigilar los tipos de inter\u00e9s y analizar detenidamente c\u00f3mo afectar\u00e1 la inestabilidad econ\u00f3mica a los diferentes aspectos de su negocio: desde la relaci\u00f3n con los proveedores hasta el poder adquisitivo de los clientes. S\u00f3lo entonces ser\u00e1 posible tomar medidas espec\u00edficas que ayuden a preservar los m\u00e1rgenes sin comprometer la producci\u00f3n y el posicionamiento en el mercado durante los pr\u00f3ximos dos a\u00f1os.<\/p>\n","protected":false},"excerpt":{"rendered":"<p>Las crisis suelen llegar sin previo aviso. Pero esta vez el escenario es diferente. Con un contexto econ\u00f3mico y social sin precedentes, los expertos predicen un empeoramiento de la inestabilidad en la econom\u00eda mundial. La expectativa en 2020 era que las econom\u00edas mejorar\u00edan a medida que nos recuper\u00e1ramos de la pandemia del Covid-19. Sin embargo, [&hellip;]<\/p>\n","protected":false},"author":15,"featured_media":33857,"comment_status":"open","ping_status":"open","sticky":false,"template":"","format":"standard","meta":{"_acf_changed":false,"content-type":"","footnotes":""},"categories":[1506],"tags":[3772,3771,3770,3773,3769],"class_list":["post-33892","post","type-post","status-publish","format-standard","has-post-thumbnail","hentry","category-gestao","tag-crisis-es","tag-crisis-economica","tag-crisis-economica-mundial","tag-economica-mundial","tag-tercera-recesion-en-dos-decadas"],"acf":[],"yoast_head":"<!-- This site is optimized with the Yoast SEO plugin v26.5 - https:\/\/yoast.com\/wordpress\/plugins\/seo\/ -->\n<title>Tercera recesi\u00f3n en dos d\u00e9cadas: los expertos debaten sobre el agravamiento de la crisis econ\u00f3mica mundial - MyABCM<\/title>\n<meta name=\"description\" content=\"Con un contexto econ\u00f3mico y social sin precedentes, los expertos predicen un empeoramiento de la inestabilidad en la econom\u00eda mundial.\" \/>\n<meta name=\"robots\" content=\"index, follow, max-snippet:-1, max-image-preview:large, max-video-preview:-1\" \/>\n<link rel=\"canonical\" href=\"https:\/\/myabcm.com\/es\/crisis-economica-mundial\/\" \/>\n<meta property=\"og:locale\" content=\"es_ES\" \/>\n<meta property=\"og:type\" content=\"article\" \/>\n<meta property=\"og:title\" content=\"Tercera recesi\u00f3n en dos d\u00e9cadas: los expertos debaten sobre el agravamiento de la crisis econ\u00f3mica mundial - MyABCM\" \/>\n<meta property=\"og:description\" content=\"Con un contexto econ\u00f3mico y social sin precedentes, los expertos predicen un empeoramiento de la inestabilidad en la econom\u00eda mundial.\" \/>\n<meta property=\"og:url\" content=\"https:\/\/myabcm.com\/es\/crisis-economica-mundial\/\" \/>\n<meta property=\"og:site_name\" content=\"MyABCM\" \/>\n<meta property=\"article:publisher\" content=\"https:\/\/www.facebook.com\/MyABCM\/\" \/>\n<meta property=\"article:published_time\" content=\"2023-03-22T15:37:09+00:00\" \/>\n<meta property=\"article:modified_time\" content=\"2023-03-22T15:40:41+00:00\" \/>\n<meta property=\"og:image\" content=\"https:\/\/myabcm.com\/wp-content\/uploads\/Terceira-recessao-em-duas-decadas.png\" \/>\n\t<meta property=\"og:image:width\" content=\"900\" \/>\n\t<meta property=\"og:image:height\" content=\"316\" \/>\n\t<meta property=\"og:image:type\" content=\"image\/png\" \/>\n<meta name=\"author\" content=\"Rodolpho Ramirez\" \/>\n<meta name=\"twitter:card\" content=\"summary_large_image\" \/>\n<meta name=\"twitter:creator\" content=\"@myabcm\" \/>\n<meta name=\"twitter:site\" content=\"@myabcm\" \/>\n<meta name=\"twitter:label1\" content=\"Escrito por\" \/>\n\t<meta name=\"twitter:data1\" content=\"Rodolpho Ramirez\" \/>\n\t<meta name=\"twitter:label2\" content=\"Tiempo de lectura\" \/>\n\t<meta name=\"twitter:data2\" content=\"4 minutos\" \/>\n<script type=\"application\/ld+json\" class=\"yoast-schema-graph\">{\"@context\":\"https:\/\/schema.org\",\"@graph\":[{\"@type\":\"WebPage\",\"@id\":\"https:\/\/myabcm.com\/es\/crisis-economica-mundial\/\",\"url\":\"https:\/\/myabcm.com\/es\/crisis-economica-mundial\/\",\"name\":\"Tercera recesi\u00f3n en dos d\u00e9cadas: los expertos debaten sobre el agravamiento de la crisis econ\u00f3mica mundial - MyABCM\",\"isPartOf\":{\"@id\":\"https:\/\/myabcm.com\/es\/#website\"},\"primaryImageOfPage\":{\"@id\":\"https:\/\/myabcm.com\/es\/crisis-economica-mundial\/#primaryimage\"},\"image\":{\"@id\":\"https:\/\/myabcm.com\/es\/crisis-economica-mundial\/#primaryimage\"},\"thumbnailUrl\":\"https:\/\/myabcm.com\/wp-content\/uploads\/Terceira-recessao-em-duas-decadas.png\",\"datePublished\":\"2023-03-22T15:37:09+00:00\",\"dateModified\":\"2023-03-22T15:40:41+00:00\",\"author\":{\"@id\":\"https:\/\/myabcm.com\/es\/#\/schema\/person\/93847a9a46d019ad889ba149ecdc4ee9\"},\"description\":\"Con un contexto econ\u00f3mico y social sin precedentes, los expertos predicen un empeoramiento de la inestabilidad en la econom\u00eda mundial.\",\"inLanguage\":\"es\",\"potentialAction\":[{\"@type\":\"ReadAction\",\"target\":[\"https:\/\/myabcm.com\/es\/crisis-economica-mundial\/\"]}]},{\"@type\":\"ImageObject\",\"inLanguage\":\"es\",\"@id\":\"https:\/\/myabcm.com\/es\/crisis-economica-mundial\/#primaryimage\",\"url\":\"https:\/\/myabcm.com\/wp-content\/uploads\/Terceira-recessao-em-duas-decadas.png\",\"contentUrl\":\"https:\/\/myabcm.com\/wp-content\/uploads\/Terceira-recessao-em-duas-decadas.png\",\"width\":900,\"height\":316},{\"@type\":\"WebSite\",\"@id\":\"https:\/\/myabcm.com\/es\/#website\",\"url\":\"https:\/\/myabcm.com\/es\/\",\"name\":\"MyABCM\",\"description\":\"\",\"potentialAction\":[{\"@type\":\"SearchAction\",\"target\":{\"@type\":\"EntryPoint\",\"urlTemplate\":\"https:\/\/myabcm.com\/es\/?s={search_term_string}\"},\"query-input\":{\"@type\":\"PropertyValueSpecification\",\"valueRequired\":true,\"valueName\":\"search_term_string\"}}],\"inLanguage\":\"es\"},{\"@type\":\"Person\",\"@id\":\"https:\/\/myabcm.com\/es\/#\/schema\/person\/93847a9a46d019ad889ba149ecdc4ee9\",\"name\":\"Rodolpho Ramirez\",\"image\":{\"@type\":\"ImageObject\",\"inLanguage\":\"es\",\"@id\":\"https:\/\/myabcm.com\/es\/#\/schema\/person\/image\/\",\"url\":\"https:\/\/secure.gravatar.com\/avatar\/d2e56e5611288bb7dddc938920804f3fab455ca267cbc11afe6ecffb6690144f?s=96&d=mm&r=g\",\"contentUrl\":\"https:\/\/secure.gravatar.com\/avatar\/d2e56e5611288bb7dddc938920804f3fab455ca267cbc11afe6ecffb6690144f?s=96&d=mm&r=g\",\"caption\":\"Rodolpho Ramirez\"},\"sameAs\":[\"https:\/\/www.myabcm.com\/\"],\"url\":\"https:\/\/myabcm.com\/es\/author\/rodolpho\/\"}]}<\/script>\n<!-- \/ Yoast SEO plugin. -->","yoast_head_json":{"title":"Tercera recesi\u00f3n en dos d\u00e9cadas: los expertos debaten sobre el agravamiento de la crisis econ\u00f3mica mundial - MyABCM","description":"Con un contexto econ\u00f3mico y social sin precedentes, los expertos predicen un empeoramiento de la inestabilidad en la econom\u00eda mundial.","robots":{"index":"index","follow":"follow","max-snippet":"max-snippet:-1","max-image-preview":"max-image-preview:large","max-video-preview":"max-video-preview:-1"},"canonical":"https:\/\/myabcm.com\/es\/crisis-economica-mundial\/","og_locale":"es_ES","og_type":"article","og_title":"Tercera recesi\u00f3n en dos d\u00e9cadas: los expertos debaten sobre el agravamiento de la crisis econ\u00f3mica mundial - MyABCM","og_description":"Con un contexto econ\u00f3mico y social sin precedentes, los expertos predicen un empeoramiento de la inestabilidad en la econom\u00eda mundial.","og_url":"https:\/\/myabcm.com\/es\/crisis-economica-mundial\/","og_site_name":"MyABCM","article_publisher":"https:\/\/www.facebook.com\/MyABCM\/","article_published_time":"2023-03-22T15:37:09+00:00","article_modified_time":"2023-03-22T15:40:41+00:00","og_image":[{"width":900,"height":316,"url":"https:\/\/myabcm.com\/wp-content\/uploads\/Terceira-recessao-em-duas-decadas.png","type":"image\/png"}],"author":"Rodolpho Ramirez","twitter_card":"summary_large_image","twitter_creator":"@myabcm","twitter_site":"@myabcm","twitter_misc":{"Escrito por":"Rodolpho Ramirez","Tiempo de lectura":"4 minutos"},"schema":{"@context":"https:\/\/schema.org","@graph":[{"@type":"WebPage","@id":"https:\/\/myabcm.com\/es\/crisis-economica-mundial\/","url":"https:\/\/myabcm.com\/es\/crisis-economica-mundial\/","name":"Tercera recesi\u00f3n en dos d\u00e9cadas: los expertos debaten sobre el agravamiento de la crisis econ\u00f3mica mundial - MyABCM","isPartOf":{"@id":"https:\/\/myabcm.com\/es\/#website"},"primaryImageOfPage":{"@id":"https:\/\/myabcm.com\/es\/crisis-economica-mundial\/#primaryimage"},"image":{"@id":"https:\/\/myabcm.com\/es\/crisis-economica-mundial\/#primaryimage"},"thumbnailUrl":"https:\/\/myabcm.com\/wp-content\/uploads\/Terceira-recessao-em-duas-decadas.png","datePublished":"2023-03-22T15:37:09+00:00","dateModified":"2023-03-22T15:40:41+00:00","author":{"@id":"https:\/\/myabcm.com\/es\/#\/schema\/person\/93847a9a46d019ad889ba149ecdc4ee9"},"description":"Con un contexto econ\u00f3mico y social sin precedentes, los expertos predicen un empeoramiento de la inestabilidad en la econom\u00eda mundial.","inLanguage":"es","potentialAction":[{"@type":"ReadAction","target":["https:\/\/myabcm.com\/es\/crisis-economica-mundial\/"]}]},{"@type":"ImageObject","inLanguage":"es","@id":"https:\/\/myabcm.com\/es\/crisis-economica-mundial\/#primaryimage","url":"https:\/\/myabcm.com\/wp-content\/uploads\/Terceira-recessao-em-duas-decadas.png","contentUrl":"https:\/\/myabcm.com\/wp-content\/uploads\/Terceira-recessao-em-duas-decadas.png","width":900,"height":316},{"@type":"WebSite","@id":"https:\/\/myabcm.com\/es\/#website","url":"https:\/\/myabcm.com\/es\/","name":"MyABCM","description":"","potentialAction":[{"@type":"SearchAction","target":{"@type":"EntryPoint","urlTemplate":"https:\/\/myabcm.com\/es\/?s={search_term_string}"},"query-input":{"@type":"PropertyValueSpecification","valueRequired":true,"valueName":"search_term_string"}}],"inLanguage":"es"},{"@type":"Person","@id":"https:\/\/myabcm.com\/es\/#\/schema\/person\/93847a9a46d019ad889ba149ecdc4ee9","name":"Rodolpho Ramirez","image":{"@type":"ImageObject","inLanguage":"es","@id":"https:\/\/myabcm.com\/es\/#\/schema\/person\/image\/","url":"https:\/\/secure.gravatar.com\/avatar\/d2e56e5611288bb7dddc938920804f3fab455ca267cbc11afe6ecffb6690144f?s=96&d=mm&r=g","contentUrl":"https:\/\/secure.gravatar.com\/avatar\/d2e56e5611288bb7dddc938920804f3fab455ca267cbc11afe6ecffb6690144f?s=96&d=mm&r=g","caption":"Rodolpho Ramirez"},"sameAs":["https:\/\/www.myabcm.com\/"],"url":"https:\/\/myabcm.com\/es\/author\/rodolpho\/"}]}},"_links":{"self":[{"href":"https:\/\/myabcm.com\/es\/wp-json\/wp\/v2\/posts\/33892","targetHints":{"allow":["GET"]}}],"collection":[{"href":"https:\/\/myabcm.com\/es\/wp-json\/wp\/v2\/posts"}],"about":[{"href":"https:\/\/myabcm.com\/es\/wp-json\/wp\/v2\/types\/post"}],"author":[{"embeddable":true,"href":"https:\/\/myabcm.com\/es\/wp-json\/wp\/v2\/users\/15"}],"replies":[{"embeddable":true,"href":"https:\/\/myabcm.com\/es\/wp-json\/wp\/v2\/comments?post=33892"}],"version-history":[{"count":2,"href":"https:\/\/myabcm.com\/es\/wp-json\/wp\/v2\/posts\/33892\/revisions"}],"predecessor-version":[{"id":33894,"href":"https:\/\/myabcm.com\/es\/wp-json\/wp\/v2\/posts\/33892\/revisions\/33894"}],"wp:featuredmedia":[{"embeddable":true,"href":"https:\/\/myabcm.com\/es\/wp-json\/wp\/v2\/media\/33857"}],"wp:attachment":[{"href":"https:\/\/myabcm.com\/es\/wp-json\/wp\/v2\/media?parent=33892"}],"wp:term":[{"taxonomy":"category","embeddable":true,"href":"https:\/\/myabcm.com\/es\/wp-json\/wp\/v2\/categories?post=33892"},{"taxonomy":"post_tag","embeddable":true,"href":"https:\/\/myabcm.com\/es\/wp-json\/wp\/v2\/tags?post=33892"}],"curies":[{"name":"wp","href":"https:\/\/api.w.org\/{rel}","templated":true}]}}