{"id":35413,"date":"2023-12-08T12:38:55","date_gmt":"2023-12-08T15:38:55","guid":{"rendered":"https:\/\/myabcm.com\/preparar-a-los-estudiantes-para-el-mercado-laboral-con-myabcm\/"},"modified":"2023-12-12T14:23:00","modified_gmt":"2023-12-12T17:23:00","slug":"preparar-a-los-estudiantes-para-el-mercado-laboral-con-myabcm","status":"publish","type":"post","link":"https:\/\/myabcm.com\/es\/preparar-a-los-estudiantes-para-el-mercado-laboral-con-myabcm\/","title":{"rendered":"Preparar a los estudiantes para el mercado laboral con MyABCM"},"content":{"rendered":"<p>La gesti\u00f3n de costes es una asignatura esencial, pero a menudo compleja que supone un reto tanto para los estudiantes como para los profesores de administraci\u00f3n de empresas. Ir m\u00e1s all\u00e1 de la teor\u00eda y mostrar c\u00f3mo se lleva a cabo el proceso en la realidad de una organizaci\u00f3n puede no ser una tarea f\u00e1cil, pero a\u00f1ade valor a la ense\u00f1anza y ayuda a preparar a los estudiantes para la realidad del mercado laboral.<\/p>\n<p>Por eso hemos desarrollado nuestro programa acad\u00e9mico, con el objetivo de promover buenas pr\u00e1cticas en la gesti\u00f3n de costes y ayudar a las instituciones educativas a preparar a sus estudiantes para la vida profesional. Compruebe lo que dice el profesor Alex, que utiliza MyABCM en Universidad Cat\u00f3lica Boliviana San Pablo Regional La Paz.<\/p>\n<h2>MyABCM en el aula: una revoluci\u00f3n en la ense\u00f1anza<\/h2>\n<p><img decoding=\"async\" class=\"alignleft wp-image-35446\" src=\"https:\/\/myabcm.com\/wp-content\/uploads\/Prof-Alex-Morales-ES.png\" alt=\"\" width=\"180\" height=\"184\" srcset=\"https:\/\/myabcm.com\/wp-content\/uploads\/Prof-Alex-Morales-ES.png 387w, https:\/\/myabcm.com\/wp-content\/uploads\/Prof-Alex-Morales-ES-294x300.png 294w, https:\/\/myabcm.com\/wp-content\/uploads\/Prof-Alex-Morales-ES-147x150.png 147w\" sizes=\"(max-width: 180px) 100vw, 180px\" \/><\/p>\n<p><strong>\u00abEn los \u00faltimos a\u00f1os, he estado utilizando MyABCM para ense\u00f1ar gesti\u00f3n de costes a mis alumnos. Este programa ha transformado por completo mi forma de presentar y analizar la informaci\u00f3n sobre costes en el aula.\u00bb<\/strong><\/p>\n<p>Una de las caracter\u00edsticas clave de MyABCM es la posibilidad de crear modelos de costes personalizados que simulan empresas reales. El profesor Alex se\u00f1ala: <strong>\u00abPuedo configurar diferentes sistemas de c\u00e1lculo de costes, como el c\u00e1lculo de costes por \u00f3rdenes de trabajo, el c\u00e1lculo de costes por procesos y el c\u00e1lculo de costes por actividades. Esto permite a los estudiantes experimentar con diferentes estrategias de c\u00e1lculo de costes y comprender el impacto financiero de cada decisi\u00f3n.\u00bb<\/strong><\/p>\n<h2>Interfaz intuitiva y facilidad de uso<\/h2>\n<p>MyABCM destaca por su interfaz intuitiva y su facilidad de uso, incluso para los estudiantes con poca experiencia. El profesor subraya:<strong> \u00abLa plataforma genera informes y gr\u00e1ficos automatizados que facilitan el an\u00e1lisis de los resultados. Esto ayuda a los estudiantes a desarrollar su capacidad de pensamiento cr\u00edtico y a interpretar los datos contables.\u00bb<\/strong><\/p>\n<h2>Aprendizaje pr\u00e1ctico e interactivo<\/h2>\n<p>En resumen, MyABCM ha mejorado notablemente la eficacia de las clases del profesor Alex. Y subraya: <strong>\u00abPermite a los alumnos aprender haciendo, en lugar de limitarse a leer textos y teor\u00edas abstractas. Sin duda recomendar\u00eda este innovador software a cualquier profesor de contabilidad de costes que busque hacer sus clases m\u00e1s interactivas y atractivas.\u00bb<\/strong><\/p>\n<h2>Aumentar la educaci\u00f3n en gesti\u00f3n de costes<\/h2>\n<p>El testimonio del profesor Alex pone de relieve el impacto transformador de MyABCM en la ense\u00f1anza de la contabilidad de costes. Al proporcionar una experiencia pr\u00e1ctica e interactiva, nuestra plataforma no s\u00f3lo simplifica conceptos complejos, sino que tambi\u00e9n inspira el pensamiento cr\u00edtico y prepara a los estudiantes para los retos del mundo profesional. Juntos, estamos elevando el list\u00f3n en la ense\u00f1anza de la gesti\u00f3n de costes, capacitando a la pr\u00f3xima generaci\u00f3n de profesionales financieros.<\/p>\n","protected":false},"excerpt":{"rendered":"<p>La gesti\u00f3n de costes es una asignatura esencial, pero a menudo compleja que supone un reto tanto para los estudiantes como para los profesores de administraci\u00f3n de empresas. Ir m\u00e1s all\u00e1 de la teor\u00eda y mostrar c\u00f3mo se lleva a cabo el proceso en la realidad de una organizaci\u00f3n puede no ser una tarea f\u00e1cil, [&hellip;]<\/p>\n","protected":false},"author":15,"featured_media":35408,"comment_status":"open","ping_status":"open","sticky":false,"template":"","format":"standard","meta":{"_acf_changed":false,"content-type":"","footnotes":""},"categories":[2135,2137],"tags":[2956,3341],"class_list":["post-35413","post","type-post","status-publish","format-standard","has-post-thumbnail","hentry","category-gestion-de-costos","category-otros","tag-gestion-de-costos","tag-myabcm-es"],"acf":[],"yoast_head":"<!-- This site is optimized with the Yoast SEO plugin v26.5 - https:\/\/yoast.com\/wordpress\/plugins\/seo\/ -->\n<title>Preparar a los estudiantes para el mercado laboral con MyABCM - MyABCM<\/title>\n<meta name=\"description\" content=\"Compruebe lo que dice el profesor Alex, que utiliza MyABCM en Universidad Cat\u00f3lica Boliviana San Pablo Regional La Paz.\" \/>\n<meta name=\"robots\" content=\"index, follow, max-snippet:-1, max-image-preview:large, max-video-preview:-1\" \/>\n<link rel=\"canonical\" href=\"https:\/\/myabcm.com\/es\/preparar-a-los-estudiantes-para-el-mercado-laboral-con-myabcm\/\" \/>\n<meta property=\"og:locale\" content=\"es_ES\" \/>\n<meta property=\"og:type\" content=\"article\" \/>\n<meta property=\"og:title\" content=\"Preparar a los estudiantes para el mercado laboral con MyABCM - MyABCM\" \/>\n<meta property=\"og:description\" content=\"Compruebe lo que dice el profesor Alex, que utiliza MyABCM en Universidad Cat\u00f3lica Boliviana San Pablo Regional La Paz.\" \/>\n<meta property=\"og:url\" content=\"https:\/\/myabcm.com\/es\/preparar-a-los-estudiantes-para-el-mercado-laboral-con-myabcm\/\" \/>\n<meta property=\"og:site_name\" content=\"MyABCM\" \/>\n<meta property=\"article:publisher\" content=\"https:\/\/www.facebook.com\/MyABCM\/\" \/>\n<meta property=\"article:published_time\" content=\"2023-12-08T15:38:55+00:00\" \/>\n<meta property=\"article:modified_time\" content=\"2023-12-12T17:23:00+00:00\" \/>\n<meta property=\"og:image\" content=\"https:\/\/myabcm.com\/wp-content\/uploads\/Topo-BlogPost-Depoimento-Prof-Alex.png\" \/>\n\t<meta property=\"og:image:width\" content=\"600\" \/>\n\t<meta property=\"og:image:height\" content=\"210\" \/>\n\t<meta property=\"og:image:type\" content=\"image\/png\" \/>\n<meta name=\"author\" content=\"Rodolpho Ramirez\" \/>\n<meta name=\"twitter:card\" content=\"summary_large_image\" \/>\n<meta name=\"twitter:creator\" content=\"@myabcm\" \/>\n<meta name=\"twitter:site\" content=\"@myabcm\" \/>\n<meta name=\"twitter:label1\" content=\"Escrito por\" \/>\n\t<meta name=\"twitter:data1\" content=\"Rodolpho Ramirez\" \/>\n\t<meta name=\"twitter:label2\" content=\"Tiempo de lectura\" \/>\n\t<meta name=\"twitter:data2\" content=\"3 minutos\" \/>\n<script type=\"application\/ld+json\" class=\"yoast-schema-graph\">{\"@context\":\"https:\/\/schema.org\",\"@graph\":[{\"@type\":\"WebPage\",\"@id\":\"https:\/\/myabcm.com\/es\/preparar-a-los-estudiantes-para-el-mercado-laboral-con-myabcm\/\",\"url\":\"https:\/\/myabcm.com\/es\/preparar-a-los-estudiantes-para-el-mercado-laboral-con-myabcm\/\",\"name\":\"Preparar a los estudiantes para el mercado laboral con MyABCM - MyABCM\",\"isPartOf\":{\"@id\":\"https:\/\/myabcm.com\/es\/#website\"},\"primaryImageOfPage\":{\"@id\":\"https:\/\/myabcm.com\/es\/preparar-a-los-estudiantes-para-el-mercado-laboral-con-myabcm\/#primaryimage\"},\"image\":{\"@id\":\"https:\/\/myabcm.com\/es\/preparar-a-los-estudiantes-para-el-mercado-laboral-con-myabcm\/#primaryimage\"},\"thumbnailUrl\":\"https:\/\/myabcm.com\/wp-content\/uploads\/Topo-BlogPost-Depoimento-Prof-Alex.png\",\"datePublished\":\"2023-12-08T15:38:55+00:00\",\"dateModified\":\"2023-12-12T17:23:00+00:00\",\"author\":{\"@id\":\"https:\/\/myabcm.com\/es\/#\/schema\/person\/93847a9a46d019ad889ba149ecdc4ee9\"},\"description\":\"Compruebe lo que dice el profesor Alex, que utiliza MyABCM en Universidad Cat\u00f3lica Boliviana San Pablo Regional La Paz.\",\"inLanguage\":\"es\",\"potentialAction\":[{\"@type\":\"ReadAction\",\"target\":[\"https:\/\/myabcm.com\/es\/preparar-a-los-estudiantes-para-el-mercado-laboral-con-myabcm\/\"]}]},{\"@type\":\"ImageObject\",\"inLanguage\":\"es\",\"@id\":\"https:\/\/myabcm.com\/es\/preparar-a-los-estudiantes-para-el-mercado-laboral-con-myabcm\/#primaryimage\",\"url\":\"https:\/\/myabcm.com\/wp-content\/uploads\/Topo-BlogPost-Depoimento-Prof-Alex.png\",\"contentUrl\":\"https:\/\/myabcm.com\/wp-content\/uploads\/Topo-BlogPost-Depoimento-Prof-Alex.png\",\"width\":600,\"height\":210},{\"@type\":\"WebSite\",\"@id\":\"https:\/\/myabcm.com\/es\/#website\",\"url\":\"https:\/\/myabcm.com\/es\/\",\"name\":\"MyABCM\",\"description\":\"\",\"potentialAction\":[{\"@type\":\"SearchAction\",\"target\":{\"@type\":\"EntryPoint\",\"urlTemplate\":\"https:\/\/myabcm.com\/es\/?s={search_term_string}\"},\"query-input\":{\"@type\":\"PropertyValueSpecification\",\"valueRequired\":true,\"valueName\":\"search_term_string\"}}],\"inLanguage\":\"es\"},{\"@type\":\"Person\",\"@id\":\"https:\/\/myabcm.com\/es\/#\/schema\/person\/93847a9a46d019ad889ba149ecdc4ee9\",\"name\":\"Rodolpho Ramirez\",\"image\":{\"@type\":\"ImageObject\",\"inLanguage\":\"es\",\"@id\":\"https:\/\/myabcm.com\/es\/#\/schema\/person\/image\/\",\"url\":\"https:\/\/secure.gravatar.com\/avatar\/d2e56e5611288bb7dddc938920804f3fab455ca267cbc11afe6ecffb6690144f?s=96&d=mm&r=g\",\"contentUrl\":\"https:\/\/secure.gravatar.com\/avatar\/d2e56e5611288bb7dddc938920804f3fab455ca267cbc11afe6ecffb6690144f?s=96&d=mm&r=g\",\"caption\":\"Rodolpho Ramirez\"},\"sameAs\":[\"https:\/\/www.myabcm.com\/\"],\"url\":\"https:\/\/myabcm.com\/es\/author\/rodolpho\/\"}]}<\/script>\n<!-- \/ Yoast SEO plugin. -->","yoast_head_json":{"title":"Preparar a los estudiantes para el mercado laboral con MyABCM - MyABCM","description":"Compruebe lo que dice el profesor Alex, que utiliza MyABCM en Universidad Cat\u00f3lica Boliviana San Pablo Regional La Paz.","robots":{"index":"index","follow":"follow","max-snippet":"max-snippet:-1","max-image-preview":"max-image-preview:large","max-video-preview":"max-video-preview:-1"},"canonical":"https:\/\/myabcm.com\/es\/preparar-a-los-estudiantes-para-el-mercado-laboral-con-myabcm\/","og_locale":"es_ES","og_type":"article","og_title":"Preparar a los estudiantes para el mercado laboral con MyABCM - MyABCM","og_description":"Compruebe lo que dice el profesor Alex, que utiliza MyABCM en Universidad Cat\u00f3lica Boliviana San Pablo Regional La Paz.","og_url":"https:\/\/myabcm.com\/es\/preparar-a-los-estudiantes-para-el-mercado-laboral-con-myabcm\/","og_site_name":"MyABCM","article_publisher":"https:\/\/www.facebook.com\/MyABCM\/","article_published_time":"2023-12-08T15:38:55+00:00","article_modified_time":"2023-12-12T17:23:00+00:00","og_image":[{"width":600,"height":210,"url":"https:\/\/myabcm.com\/wp-content\/uploads\/Topo-BlogPost-Depoimento-Prof-Alex.png","type":"image\/png"}],"author":"Rodolpho Ramirez","twitter_card":"summary_large_image","twitter_creator":"@myabcm","twitter_site":"@myabcm","twitter_misc":{"Escrito por":"Rodolpho Ramirez","Tiempo de lectura":"3 minutos"},"schema":{"@context":"https:\/\/schema.org","@graph":[{"@type":"WebPage","@id":"https:\/\/myabcm.com\/es\/preparar-a-los-estudiantes-para-el-mercado-laboral-con-myabcm\/","url":"https:\/\/myabcm.com\/es\/preparar-a-los-estudiantes-para-el-mercado-laboral-con-myabcm\/","name":"Preparar a los estudiantes para el mercado laboral con MyABCM - MyABCM","isPartOf":{"@id":"https:\/\/myabcm.com\/es\/#website"},"primaryImageOfPage":{"@id":"https:\/\/myabcm.com\/es\/preparar-a-los-estudiantes-para-el-mercado-laboral-con-myabcm\/#primaryimage"},"image":{"@id":"https:\/\/myabcm.com\/es\/preparar-a-los-estudiantes-para-el-mercado-laboral-con-myabcm\/#primaryimage"},"thumbnailUrl":"https:\/\/myabcm.com\/wp-content\/uploads\/Topo-BlogPost-Depoimento-Prof-Alex.png","datePublished":"2023-12-08T15:38:55+00:00","dateModified":"2023-12-12T17:23:00+00:00","author":{"@id":"https:\/\/myabcm.com\/es\/#\/schema\/person\/93847a9a46d019ad889ba149ecdc4ee9"},"description":"Compruebe lo que dice el profesor Alex, que utiliza MyABCM en Universidad Cat\u00f3lica Boliviana San Pablo Regional La Paz.","inLanguage":"es","potentialAction":[{"@type":"ReadAction","target":["https:\/\/myabcm.com\/es\/preparar-a-los-estudiantes-para-el-mercado-laboral-con-myabcm\/"]}]},{"@type":"ImageObject","inLanguage":"es","@id":"https:\/\/myabcm.com\/es\/preparar-a-los-estudiantes-para-el-mercado-laboral-con-myabcm\/#primaryimage","url":"https:\/\/myabcm.com\/wp-content\/uploads\/Topo-BlogPost-Depoimento-Prof-Alex.png","contentUrl":"https:\/\/myabcm.com\/wp-content\/uploads\/Topo-BlogPost-Depoimento-Prof-Alex.png","width":600,"height":210},{"@type":"WebSite","@id":"https:\/\/myabcm.com\/es\/#website","url":"https:\/\/myabcm.com\/es\/","name":"MyABCM","description":"","potentialAction":[{"@type":"SearchAction","target":{"@type":"EntryPoint","urlTemplate":"https:\/\/myabcm.com\/es\/?s={search_term_string}"},"query-input":{"@type":"PropertyValueSpecification","valueRequired":true,"valueName":"search_term_string"}}],"inLanguage":"es"},{"@type":"Person","@id":"https:\/\/myabcm.com\/es\/#\/schema\/person\/93847a9a46d019ad889ba149ecdc4ee9","name":"Rodolpho Ramirez","image":{"@type":"ImageObject","inLanguage":"es","@id":"https:\/\/myabcm.com\/es\/#\/schema\/person\/image\/","url":"https:\/\/secure.gravatar.com\/avatar\/d2e56e5611288bb7dddc938920804f3fab455ca267cbc11afe6ecffb6690144f?s=96&d=mm&r=g","contentUrl":"https:\/\/secure.gravatar.com\/avatar\/d2e56e5611288bb7dddc938920804f3fab455ca267cbc11afe6ecffb6690144f?s=96&d=mm&r=g","caption":"Rodolpho Ramirez"},"sameAs":["https:\/\/www.myabcm.com\/"],"url":"https:\/\/myabcm.com\/es\/author\/rodolpho\/"}]}},"_links":{"self":[{"href":"https:\/\/myabcm.com\/es\/wp-json\/wp\/v2\/posts\/35413","targetHints":{"allow":["GET"]}}],"collection":[{"href":"https:\/\/myabcm.com\/es\/wp-json\/wp\/v2\/posts"}],"about":[{"href":"https:\/\/myabcm.com\/es\/wp-json\/wp\/v2\/types\/post"}],"author":[{"embeddable":true,"href":"https:\/\/myabcm.com\/es\/wp-json\/wp\/v2\/users\/15"}],"replies":[{"embeddable":true,"href":"https:\/\/myabcm.com\/es\/wp-json\/wp\/v2\/comments?post=35413"}],"version-history":[{"count":2,"href":"https:\/\/myabcm.com\/es\/wp-json\/wp\/v2\/posts\/35413\/revisions"}],"predecessor-version":[{"id":35451,"href":"https:\/\/myabcm.com\/es\/wp-json\/wp\/v2\/posts\/35413\/revisions\/35451"}],"wp:featuredmedia":[{"embeddable":true,"href":"https:\/\/myabcm.com\/es\/wp-json\/wp\/v2\/media\/35408"}],"wp:attachment":[{"href":"https:\/\/myabcm.com\/es\/wp-json\/wp\/v2\/media?parent=35413"}],"wp:term":[{"taxonomy":"category","embeddable":true,"href":"https:\/\/myabcm.com\/es\/wp-json\/wp\/v2\/categories?post=35413"},{"taxonomy":"post_tag","embeddable":true,"href":"https:\/\/myabcm.com\/es\/wp-json\/wp\/v2\/tags?post=35413"}],"curies":[{"name":"wp","href":"https:\/\/api.w.org\/{rel}","templated":true}]}}