{"id":33912,"date":"2023-03-28T14:17:54","date_gmt":"2023-03-28T17:17:54","guid":{"rendered":"https:\/\/myabcm.com\/troisieme-recession-en-deux-decennies-des-experts-discutent-de-laggravation-de-la-crise-economique-mondiale\/"},"modified":"2023-03-28T14:19:37","modified_gmt":"2023-03-28T17:19:37","slug":"crise-economique-mondiale","status":"publish","type":"post","link":"https:\/\/myabcm.com\/fr\/crise-economique-mondiale\/","title":{"rendered":"Troisi\u00e8me r\u00e9cession en deux d\u00e9cennies : des experts discutent de l&rsquo;aggravation de la crise \u00e9conomique mondiale"},"content":{"rendered":"<p>Les crises surviennent souvent sans pr\u00e9venir. Mais cette fois-ci, le sc\u00e9nario est diff\u00e9rent. Dans un contexte \u00e9conomique et social sans pr\u00e9c\u00e9dent, les experts pr\u00e9voient une aggravation de l&rsquo;instabilit\u00e9 de l&rsquo;\u00e9conomie mondiale.<\/p>\n<p>En 2020, on s&rsquo;attendait \u00e0 ce que les \u00e9conomies s&rsquo;am\u00e9liorent \u00e0 mesure que nous nous remettrions de la pand\u00e9mie de Covid-19. Cependant, le pronostic pour l&rsquo;\u00e9conomie mondiale jusqu&rsquo;en 2024 n&rsquo;est pas encourageant.<\/p>\n<p>Les projections r\u00e9v\u00e8lent un ralentissement de la croissance, m\u00eame dans les pays en d\u00e9veloppement (qui ont g\u00e9n\u00e9ralement de meilleurs taux), avec une expansion bien inf\u00e9rieure aux attentes. Le dernier rapport de la Banque mondiale sur les perspectives \u00e9conomiques mondiales indique une probable crise mondiale face \u00e0 une inflation \u00e9lev\u00e9e, des taux d&rsquo;int\u00e9r\u00eat \u00e9galement \u00e9lev\u00e9s et une r\u00e9duction des investissements.<\/p>\n<h2>Une inflation \u00e9lev\u00e9e, une croissance \u00e9conomique en baisse<\/h2>\n<p>Les projections de la Banque mondiale indiquent que l&rsquo;\u00e9conomie mondiale conna\u00eetra une croissance de 1,7 % cette ann\u00e9e et de 2,7 % en 2024. Ces chiffres refl\u00e8tent une situation g\u00e9n\u00e9ralis\u00e9e qui aura un impact sur les march\u00e9s de tous les continents, avec des pr\u00e9visions de faible croissance pour 95 % des \u00e9conomies du premier monde et environ 70 % des \u00e9conomies en d\u00e9veloppement.<\/p>\n<p>On estime que la croissance de l&rsquo;\u00e9conomie mondiale en 2024 sera inf\u00e9rieure de 6 % au taux pr\u00e9vu pour 2020, l&rsquo;ann\u00e9e pr\u00e9c\u00e9dant l&rsquo;explosion de la pand\u00e9mie de Covid-19. Dans un contexte plus alarmant, ces donn\u00e9es mettent en lumi\u00e8re une pr\u00e9occupation importante pour les entreprises du monde entier : avec des perspectives aussi faibles, tout \u00e9v\u00e9nement d\u00e9favorable peut d\u00e9clencher une r\u00e9cession.<\/p>\n<p>Une augmentation des cas de Covid-19, des tensions militaires entre pays ou une fragilit\u00e9 bancaire avec l&rsquo;effondrement de banques comme la Silicon Valley Bank et le renflouement de la Republic Bank et du Credit Suisse pourraient \u00eatre les \u00e9l\u00e9ments d\u00e9clencheurs n\u00e9cessaires. De tels \u00e9v\u00e9nements peuvent entra\u00eener une chute du PIB, une baisse des revenus r\u00e9els, une hausse du ch\u00f4mage et une d\u00e9saffection des industries, avec des entreprises de diff\u00e9rents segments qui traversent des crises graves, voire font faillite.<\/p>\n<h2>L&rsquo;inflation d\u00e9passe les niveaux d&rsquo;avant la pand\u00e9mie<\/h2>\n<p>Bien que la tendance soit \u00e0 la baisse d&rsquo;ici la fin de l&rsquo;ann\u00e9e prochaine, l&rsquo;inflation restera sup\u00e9rieure aux taux enregistr\u00e9s avant le d\u00e9but de la pand\u00e9mie de coronavirus. L&rsquo;inflation \u00e9lev\u00e9e, associ\u00e9e aux projections d&rsquo;une faible croissance \u00e9conomique en 2024, devrait entra\u00eener une baisse de la demande pour les exportations des \u00e9conomies \u00e9mergentes et une d\u00e9pr\u00e9ciation de leurs monnaies. Les \u00e9conomies avanc\u00e9es devraient voir leur croissance ralentir de 2,5 % en 2022 \u00e0 0,5 % en 2023.<\/p>\n<p>Au cours des 20 derni\u00e8res ann\u00e9es, des baisses de cette ampleur ont pr\u00e9c\u00e9d\u00e9 des r\u00e9cessions mondiales (en 2009 et 2020). Pour les \u00c9tats-Unis, par exemple, on pr\u00e9voit en 2023 la pire performance \u00e9conomique apr\u00e8s une p\u00e9riode de r\u00e9cession depuis 53 ans.<\/p>\n<h2>Ce que disent les experts<\/h2>\n<p>Cependant, certains pensent que la crise est in\u00e9vitable, avec ou sans impr\u00e9vus majeurs \u00e0 l&rsquo;\u00e9chelle mondiale. Tom Simons, \u00e9conomiste sp\u00e9cialis\u00e9 dans les march\u00e9s financiers, pr\u00e9dit que nous entrons dans une p\u00e9riode de r\u00e9cession classique.<\/p>\n<p>Selon lui, la hausse de l&rsquo;inflation et des taux d&rsquo;int\u00e9r\u00eat devrait entra\u00eener une baisse significative des marges b\u00e9n\u00e9ficiaires des organisations, ce qui se traduira par des r\u00e9ductions de co\u00fbts qui devraient commencer par une diminution de la main-d&rsquo;\u0153uvre. Simons estime que cette aggravation de la crise commencera \u00e0 partir du milieu de cette ann\u00e9e et qu&rsquo;elle touchera \u00e0 la fois les \u00e9conomies avanc\u00e9es et les \u00e9conomies en d\u00e9veloppement.<\/p>\n<p>D&rsquo;autre part, les avis commencent \u00e0 se diviser parmi les chercheurs. Les anomalies du contexte \u00e9conomique actuel peuvent impliquer un comportement diff\u00e9rent du march\u00e9, conduisant \u00e0 des d\u00e9veloppements inattendus. Mark Zandi, responsable des questions \u00e9conomiques chez Moods Analytics, affirme que la simple anticipation d&rsquo;une r\u00e9cession peut conduire \u00e0 des r\u00e9sultats inattendus.<\/p>\n<p>Selon Zandi, alors que tout le monde pr\u00e9voit et se pr\u00e9pare \u00e0 la crise, un ph\u00e9nom\u00e8ne sans pr\u00e9c\u00e9dent, la situation pourrait \u00e9voluer diff\u00e9remment, entra\u00eenant un ralentissement de l&rsquo;inflation et m\u00eame une possible baisse du taux de ch\u00f4mage.<\/p>\n<p>La certitude que nous avons est que la crise est l\u00e0, apr\u00e8s tout, des niveaux de croissance \u00e9conomique comme ceux d&rsquo;aujourd&rsquo;hui indiquent historiquement l&rsquo;\u00e9mergence d&rsquo;une nouvelle r\u00e9cession mondiale. Cependant, il est difficile de dire quelle sera l&rsquo;ampleur des d\u00e9g\u00e2ts et l&rsquo;impact sur les diff\u00e9rents march\u00e9s.<\/p>\n<p>Les dirigeants ne peuvent donc que surveiller les taux d&rsquo;int\u00e9r\u00eat et analyser attentivement la mani\u00e8re dont l&rsquo;instabilit\u00e9 \u00e9conomique affectera les diff\u00e9rents aspects de leur activit\u00e9 : des relations avec les fournisseurs au pouvoir d&rsquo;achat des clients. Ce n&rsquo;est qu&rsquo;\u00e0 ce moment-l\u00e0 qu&rsquo;il sera possible de prendre des mesures sp\u00e9cifiques pour aider \u00e0 pr\u00e9server les marges sans compromettre la production et le positionnement sur le march\u00e9 au cours des deux prochaines ann\u00e9es.<\/p>\n","protected":false},"excerpt":{"rendered":"<p>Les crises surviennent souvent sans pr\u00e9venir. Mais cette fois-ci, le sc\u00e9nario est diff\u00e9rent. Dans un contexte \u00e9conomique et social sans pr\u00e9c\u00e9dent, les experts pr\u00e9voient une aggravation de l&rsquo;instabilit\u00e9 de l&rsquo;\u00e9conomie mondiale. En 2020, on s&rsquo;attendait \u00e0 ce que les \u00e9conomies s&rsquo;am\u00e9liorent \u00e0 mesure que nous nous remettrions de la pand\u00e9mie de Covid-19. Cependant, le pronostic [&hellip;]<\/p>\n","protected":false},"author":15,"featured_media":33856,"comment_status":"open","ping_status":"open","sticky":false,"template":"","format":"standard","meta":{"_acf_changed":false,"content-type":"","footnotes":""},"categories":[1506],"tags":[3777,3776,3775,3778,3774],"class_list":["post-33912","post","type-post","status-publish","format-standard","has-post-thumbnail","hentry","category-gestao","tag-crise-fr","tag-crise-economique","tag-crise-economique-mondiale","tag-economique-mondiale","tag-troisieme-recession-en-deux-decennies"],"acf":[],"yoast_head":"<!-- This site is optimized with the Yoast SEO plugin v26.5 - https:\/\/yoast.com\/wordpress\/plugins\/seo\/ -->\n<title>Troisi\u00e8me r\u00e9cession en deux d\u00e9cennies : des experts discutent de l&#039;aggravation de la crise \u00e9conomique mondiale - MyABCM<\/title>\n<meta name=\"description\" content=\"Dans un contexte \u00e9conomique et social sans pr\u00e9c\u00e9dent, les experts pr\u00e9voient une aggravation de l&#039;instabilit\u00e9 de l&#039;\u00e9conomie mondiale.\" \/>\n<meta name=\"robots\" content=\"index, follow, max-snippet:-1, max-image-preview:large, max-video-preview:-1\" \/>\n<link rel=\"canonical\" href=\"https:\/\/myabcm.com\/fr\/crise-economique-mondiale\/\" \/>\n<meta property=\"og:locale\" content=\"fr_FR\" \/>\n<meta property=\"og:type\" content=\"article\" \/>\n<meta property=\"og:title\" content=\"Troisi\u00e8me r\u00e9cession en deux d\u00e9cennies : des experts discutent de l&#039;aggravation de la crise \u00e9conomique mondiale - MyABCM\" \/>\n<meta property=\"og:description\" content=\"Dans un contexte \u00e9conomique et social sans pr\u00e9c\u00e9dent, les experts pr\u00e9voient une aggravation de l&#039;instabilit\u00e9 de l&#039;\u00e9conomie mondiale.\" \/>\n<meta property=\"og:url\" content=\"https:\/\/myabcm.com\/fr\/crise-economique-mondiale\/\" \/>\n<meta property=\"og:site_name\" content=\"MyABCM\" \/>\n<meta property=\"article:publisher\" content=\"https:\/\/www.facebook.com\/MyABCM\/\" \/>\n<meta property=\"article:published_time\" content=\"2023-03-28T17:17:54+00:00\" \/>\n<meta property=\"article:modified_time\" content=\"2023-03-28T17:19:37+00:00\" \/>\n<meta property=\"og:image\" content=\"https:\/\/myabcm.com\/wp-content\/uploads\/Terceira-recessao-em-duas-decadas.png\" \/>\n\t<meta property=\"og:image:width\" content=\"900\" \/>\n\t<meta property=\"og:image:height\" content=\"316\" \/>\n\t<meta property=\"og:image:type\" content=\"image\/png\" \/>\n<meta name=\"author\" content=\"Rodolpho Ramirez\" \/>\n<meta name=\"twitter:card\" content=\"summary_large_image\" \/>\n<meta name=\"twitter:creator\" content=\"@myabcm\" \/>\n<meta name=\"twitter:site\" content=\"@myabcm\" \/>\n<meta name=\"twitter:label1\" content=\"\u00c9crit par\" \/>\n\t<meta name=\"twitter:data1\" content=\"Rodolpho Ramirez\" \/>\n\t<meta name=\"twitter:label2\" content=\"Dur\u00e9e de lecture estim\u00e9e\" \/>\n\t<meta name=\"twitter:data2\" content=\"4 minutes\" \/>\n<script type=\"application\/ld+json\" class=\"yoast-schema-graph\">{\"@context\":\"https:\/\/schema.org\",\"@graph\":[{\"@type\":\"WebPage\",\"@id\":\"https:\/\/myabcm.com\/fr\/crise-economique-mondiale\/\",\"url\":\"https:\/\/myabcm.com\/fr\/crise-economique-mondiale\/\",\"name\":\"Troisi\u00e8me r\u00e9cession en deux d\u00e9cennies : des experts discutent de l'aggravation de la crise \u00e9conomique mondiale - MyABCM\",\"isPartOf\":{\"@id\":\"https:\/\/myabcm.com\/fr\/#website\"},\"primaryImageOfPage\":{\"@id\":\"https:\/\/myabcm.com\/fr\/crise-economique-mondiale\/#primaryimage\"},\"image\":{\"@id\":\"https:\/\/myabcm.com\/fr\/crise-economique-mondiale\/#primaryimage\"},\"thumbnailUrl\":\"https:\/\/myabcm.com\/wp-content\/uploads\/Terceira-recessao-em-duas-decadas.png\",\"datePublished\":\"2023-03-28T17:17:54+00:00\",\"dateModified\":\"2023-03-28T17:19:37+00:00\",\"author\":{\"@id\":\"https:\/\/myabcm.com\/fr\/#\/schema\/person\/93847a9a46d019ad889ba149ecdc4ee9\"},\"description\":\"Dans un contexte \u00e9conomique et social sans pr\u00e9c\u00e9dent, les experts pr\u00e9voient une aggravation de l'instabilit\u00e9 de l'\u00e9conomie mondiale.\",\"inLanguage\":\"fr-FR\",\"potentialAction\":[{\"@type\":\"ReadAction\",\"target\":[\"https:\/\/myabcm.com\/fr\/crise-economique-mondiale\/\"]}]},{\"@type\":\"ImageObject\",\"inLanguage\":\"fr-FR\",\"@id\":\"https:\/\/myabcm.com\/fr\/crise-economique-mondiale\/#primaryimage\",\"url\":\"https:\/\/myabcm.com\/wp-content\/uploads\/Terceira-recessao-em-duas-decadas.png\",\"contentUrl\":\"https:\/\/myabcm.com\/wp-content\/uploads\/Terceira-recessao-em-duas-decadas.png\",\"width\":900,\"height\":316},{\"@type\":\"WebSite\",\"@id\":\"https:\/\/myabcm.com\/fr\/#website\",\"url\":\"https:\/\/myabcm.com\/fr\/\",\"name\":\"MyABCM\",\"description\":\"\",\"potentialAction\":[{\"@type\":\"SearchAction\",\"target\":{\"@type\":\"EntryPoint\",\"urlTemplate\":\"https:\/\/myabcm.com\/fr\/?s={search_term_string}\"},\"query-input\":{\"@type\":\"PropertyValueSpecification\",\"valueRequired\":true,\"valueName\":\"search_term_string\"}}],\"inLanguage\":\"fr-FR\"},{\"@type\":\"Person\",\"@id\":\"https:\/\/myabcm.com\/fr\/#\/schema\/person\/93847a9a46d019ad889ba149ecdc4ee9\",\"name\":\"Rodolpho Ramirez\",\"image\":{\"@type\":\"ImageObject\",\"inLanguage\":\"fr-FR\",\"@id\":\"https:\/\/myabcm.com\/fr\/#\/schema\/person\/image\/\",\"url\":\"https:\/\/secure.gravatar.com\/avatar\/d2e56e5611288bb7dddc938920804f3fab455ca267cbc11afe6ecffb6690144f?s=96&d=mm&r=g\",\"contentUrl\":\"https:\/\/secure.gravatar.com\/avatar\/d2e56e5611288bb7dddc938920804f3fab455ca267cbc11afe6ecffb6690144f?s=96&d=mm&r=g\",\"caption\":\"Rodolpho Ramirez\"},\"sameAs\":[\"https:\/\/www.myabcm.com\/\"],\"url\":\"https:\/\/myabcm.com\/fr\/author\/rodolpho\/\"}]}<\/script>\n<!-- \/ Yoast SEO plugin. -->","yoast_head_json":{"title":"Troisi\u00e8me r\u00e9cession en deux d\u00e9cennies : des experts discutent de l'aggravation de la crise \u00e9conomique mondiale - MyABCM","description":"Dans un contexte \u00e9conomique et social sans pr\u00e9c\u00e9dent, les experts pr\u00e9voient une aggravation de l'instabilit\u00e9 de l'\u00e9conomie mondiale.","robots":{"index":"index","follow":"follow","max-snippet":"max-snippet:-1","max-image-preview":"max-image-preview:large","max-video-preview":"max-video-preview:-1"},"canonical":"https:\/\/myabcm.com\/fr\/crise-economique-mondiale\/","og_locale":"fr_FR","og_type":"article","og_title":"Troisi\u00e8me r\u00e9cession en deux d\u00e9cennies : des experts discutent de l'aggravation de la crise \u00e9conomique mondiale - MyABCM","og_description":"Dans un contexte \u00e9conomique et social sans pr\u00e9c\u00e9dent, les experts pr\u00e9voient une aggravation de l'instabilit\u00e9 de l'\u00e9conomie mondiale.","og_url":"https:\/\/myabcm.com\/fr\/crise-economique-mondiale\/","og_site_name":"MyABCM","article_publisher":"https:\/\/www.facebook.com\/MyABCM\/","article_published_time":"2023-03-28T17:17:54+00:00","article_modified_time":"2023-03-28T17:19:37+00:00","og_image":[{"width":900,"height":316,"url":"https:\/\/myabcm.com\/wp-content\/uploads\/Terceira-recessao-em-duas-decadas.png","type":"image\/png"}],"author":"Rodolpho Ramirez","twitter_card":"summary_large_image","twitter_creator":"@myabcm","twitter_site":"@myabcm","twitter_misc":{"\u00c9crit par":"Rodolpho Ramirez","Dur\u00e9e de lecture estim\u00e9e":"4 minutes"},"schema":{"@context":"https:\/\/schema.org","@graph":[{"@type":"WebPage","@id":"https:\/\/myabcm.com\/fr\/crise-economique-mondiale\/","url":"https:\/\/myabcm.com\/fr\/crise-economique-mondiale\/","name":"Troisi\u00e8me r\u00e9cession en deux d\u00e9cennies : des experts discutent de l'aggravation de la crise \u00e9conomique mondiale - MyABCM","isPartOf":{"@id":"https:\/\/myabcm.com\/fr\/#website"},"primaryImageOfPage":{"@id":"https:\/\/myabcm.com\/fr\/crise-economique-mondiale\/#primaryimage"},"image":{"@id":"https:\/\/myabcm.com\/fr\/crise-economique-mondiale\/#primaryimage"},"thumbnailUrl":"https:\/\/myabcm.com\/wp-content\/uploads\/Terceira-recessao-em-duas-decadas.png","datePublished":"2023-03-28T17:17:54+00:00","dateModified":"2023-03-28T17:19:37+00:00","author":{"@id":"https:\/\/myabcm.com\/fr\/#\/schema\/person\/93847a9a46d019ad889ba149ecdc4ee9"},"description":"Dans un contexte \u00e9conomique et social sans pr\u00e9c\u00e9dent, les experts pr\u00e9voient une aggravation de l'instabilit\u00e9 de l'\u00e9conomie mondiale.","inLanguage":"fr-FR","potentialAction":[{"@type":"ReadAction","target":["https:\/\/myabcm.com\/fr\/crise-economique-mondiale\/"]}]},{"@type":"ImageObject","inLanguage":"fr-FR","@id":"https:\/\/myabcm.com\/fr\/crise-economique-mondiale\/#primaryimage","url":"https:\/\/myabcm.com\/wp-content\/uploads\/Terceira-recessao-em-duas-decadas.png","contentUrl":"https:\/\/myabcm.com\/wp-content\/uploads\/Terceira-recessao-em-duas-decadas.png","width":900,"height":316},{"@type":"WebSite","@id":"https:\/\/myabcm.com\/fr\/#website","url":"https:\/\/myabcm.com\/fr\/","name":"MyABCM","description":"","potentialAction":[{"@type":"SearchAction","target":{"@type":"EntryPoint","urlTemplate":"https:\/\/myabcm.com\/fr\/?s={search_term_string}"},"query-input":{"@type":"PropertyValueSpecification","valueRequired":true,"valueName":"search_term_string"}}],"inLanguage":"fr-FR"},{"@type":"Person","@id":"https:\/\/myabcm.com\/fr\/#\/schema\/person\/93847a9a46d019ad889ba149ecdc4ee9","name":"Rodolpho Ramirez","image":{"@type":"ImageObject","inLanguage":"fr-FR","@id":"https:\/\/myabcm.com\/fr\/#\/schema\/person\/image\/","url":"https:\/\/secure.gravatar.com\/avatar\/d2e56e5611288bb7dddc938920804f3fab455ca267cbc11afe6ecffb6690144f?s=96&d=mm&r=g","contentUrl":"https:\/\/secure.gravatar.com\/avatar\/d2e56e5611288bb7dddc938920804f3fab455ca267cbc11afe6ecffb6690144f?s=96&d=mm&r=g","caption":"Rodolpho Ramirez"},"sameAs":["https:\/\/www.myabcm.com\/"],"url":"https:\/\/myabcm.com\/fr\/author\/rodolpho\/"}]}},"_links":{"self":[{"href":"https:\/\/myabcm.com\/fr\/wp-json\/wp\/v2\/posts\/33912","targetHints":{"allow":["GET"]}}],"collection":[{"href":"https:\/\/myabcm.com\/fr\/wp-json\/wp\/v2\/posts"}],"about":[{"href":"https:\/\/myabcm.com\/fr\/wp-json\/wp\/v2\/types\/post"}],"author":[{"embeddable":true,"href":"https:\/\/myabcm.com\/fr\/wp-json\/wp\/v2\/users\/15"}],"replies":[{"embeddable":true,"href":"https:\/\/myabcm.com\/fr\/wp-json\/wp\/v2\/comments?post=33912"}],"version-history":[{"count":1,"href":"https:\/\/myabcm.com\/fr\/wp-json\/wp\/v2\/posts\/33912\/revisions"}],"predecessor-version":[{"id":33913,"href":"https:\/\/myabcm.com\/fr\/wp-json\/wp\/v2\/posts\/33912\/revisions\/33913"}],"wp:featuredmedia":[{"embeddable":true,"href":"https:\/\/myabcm.com\/fr\/wp-json\/wp\/v2\/media\/33856"}],"wp:attachment":[{"href":"https:\/\/myabcm.com\/fr\/wp-json\/wp\/v2\/media?parent=33912"}],"wp:term":[{"taxonomy":"category","embeddable":true,"href":"https:\/\/myabcm.com\/fr\/wp-json\/wp\/v2\/categories?post=33912"},{"taxonomy":"post_tag","embeddable":true,"href":"https:\/\/myabcm.com\/fr\/wp-json\/wp\/v2\/tags?post=33912"}],"curies":[{"name":"wp","href":"https:\/\/api.w.org\/{rel}","templated":true}]}}