{"id":34402,"date":"2023-06-06T11:05:16","date_gmt":"2023-06-06T14:05:16","guid":{"rendered":"https:\/\/myabcm.com\/empreinte-carbone-quest-ce-que-cest-et-comment-calculer-celle-de-votre-entreprise\/"},"modified":"2023-06-16T09:52:11","modified_gmt":"2023-06-16T12:52:11","slug":"empreinte-carbone-quest-ce-que-cest-et-comment-calculer","status":"publish","type":"post","link":"https:\/\/myabcm.com\/fr\/empreinte-carbone-quest-ce-que-cest-et-comment-calculer\/","title":{"rendered":"Empreinte carbone : qu&rsquo;est-ce que c&rsquo;est et comment calculer celle de votre entreprise ?"},"content":{"rendered":"<p>Investir dans le d\u00e9veloppement durable est essentiel pour toutes les entreprises. Il s&rsquo;agit non seulement de pr\u00e9server la vie telle que nous la connaissons, mais aussi de se positionner sur le march\u00e9. En prenant des mesures pour r\u00e9duire l&rsquo;impact environnemental de vos activit\u00e9s, vous vous positionnez favorablement sur le march\u00e9 et vous avez acc\u00e8s aux subventions et au soutien des autorit\u00e9s publiques. Si votre entreprise n&rsquo;a pas encore de projet environnemental, c&rsquo;est le bon moment pour commencer. Pour d\u00e9terminer o\u00f9 mettre en \u0153uvre des actions efficaces et percutantes, commencez par comprendre l&#8217;empreinte carbone de votre entreprise.<\/p>\n<h2>Qu&rsquo;est-ce que l&#8217;empreinte carbone ?<\/h2>\n<p>L&#8217;empreinte carbone mesure la quantit\u00e9 de gaz \u00e0 effet de serre lib\u00e9r\u00e9s dans l&rsquo;atmosph\u00e8re, ce qui peut avoir un impact n\u00e9gatif sur les \u00e9cosyst\u00e8mes du monde entier et contribuer au changement climatique. Elle peut \u00eatre calcul\u00e9e \u00e0 diff\u00e9rents niveaux, des individus aux organisations et aux pays dans leur ensemble. Les gaz inclus dans l&#8217;empreinte carbone sont le dioxyde de carbone, le m\u00e9thane, l&rsquo;oxyde nitreux, les chlorofluorocarbones, l&rsquo;ozone et la vapeur d&rsquo;eau. Diverses activit\u00e9s, notamment le transport, la production et l&rsquo;\u00e9limination des mat\u00e9riaux, lib\u00e8rent ces gaz en tant que sous-produits. Certains segments du march\u00e9, tels que l&rsquo;\u00e9nergie, l&rsquo;industrie et les transports, sont connus pour g\u00e9n\u00e9rer une empreinte carbone plus importante. Par exemple, dans des pays comme l&rsquo;Union europ\u00e9enne, les \u00c9tats-Unis et la Chine, la production d&rsquo;\u00e9nergie et de chaleur est \u00e0 l&rsquo;origine de la plupart des \u00e9missions, tandis qu&rsquo;au Br\u00e9sil, ce sont les activit\u00e9s agricoles qui en sont la principale source.<\/p>\n<h2>Calculer l&#8217;empreinte carbone de votre entreprise<\/h2>\n<p>Il existe toute une s\u00e9rie de calculateurs en ligne qui peuvent aider votre organisation \u00e0 d\u00e9terminer son empreinte carbone. Le <a href=\"https:\/\/www.2030calculator.com\/\" target=\"_blank\" rel=\"noopener\">calculateur 2030<\/a>, qui s&rsquo;inscrit dans le cadre de l&rsquo;Agenda 2030 des Nations unies, est l&rsquo;un de ces outils qui a \u00e9t\u00e9 con\u00e7u pour aider les entreprises dans cette t\u00e2che. Il a \u00e9t\u00e9 d\u00e9velopp\u00e9 \u00e0 la suite d&rsquo;une collaboration entre la Convention-cadre des Nations unies sur les changements climatiques et une entreprise FinTech su\u00e9doise. Ce calculateur est plus complet que d&rsquo;autres outils en ligne similaires et n\u00e9cessite des informations sp\u00e9cifiques qui varient en fonction du type de secteur dans lequel votre entreprise op\u00e8re, comme l&rsquo;\u00e9ducation, l&rsquo;industrie ou le conseil. Par exemple, les secteurs industriels devront fournir certaines donn\u00e9es, notamment :<\/p>\n<ul>\n<li>L&rsquo;enregistrement des produits individuels (poids, type de produit, code) ;<\/li>\n<li>le d\u00e9tail des parties du produit (type de mat\u00e9riau, qualit\u00e9, poids, emplacement du fournisseur, mode de transport)<\/li>\n<li>Informations sur les emballages ;<\/li>\n<li>la consommation moyenne d&rsquo;\u00e9nergie par installation industrielle ;<\/li>\n<\/ul>\n<p>Cet outil est tr\u00e8s utile pour votre entreprise car il vous aide \u00e0 voir comment vos activit\u00e9s professionnelles affectent l&rsquo;environnement et comment vous pouvez r\u00e9duire cet impact. Cependant, il est important de garder \u00e0 l&rsquo;esprit que pour une analyse plus d\u00e9taill\u00e9e et plus compl\u00e8te de l&#8217;empreinte carbone de votre entreprise, vous aurez besoin de donn\u00e9es pr\u00e9cises et compl\u00e8tes sur vos activit\u00e9s commerciales, ainsi que de l&rsquo;utilisation d&rsquo;outils suppl\u00e9mentaires pour le traitement.<\/p>\n<p>Savez-vous que vous pouvez utiliser MyABCM pour calculer votre empreinte carbone ? Ce logiciel est flexible et peut s&rsquo;int\u00e9grer aux diff\u00e9rents syst\u00e8mes d&rsquo;une organisation. Il peut \u00eatre configur\u00e9 pour utiliser le CO2-eq (\u00e9quivalent dioxyde de carbone) comme unit\u00e9 de mesure, ce qui permet un suivi pr\u00e9cis et automatis\u00e9 de l&#8217;empreinte carbone.<\/p>\n<p>\u00c0 partir de ces informations, il est possible de d\u00e9velopper des m\u00e9thodes non seulement pour r\u00e9duire les \u00e9missions, mais aussi pour entrer en toute s\u00e9curit\u00e9 sur le march\u00e9 des cr\u00e9dits carbone et mettre en place des actions compensatoires pour aider \u00e0 minimiser l&#8217;empreinte carbone de l&rsquo;organisation.<\/p>\n<h2>La durabilit\u00e9 comme catalyseur de la croissance<\/h2>\n<p>L&#8217;empreinte carbone est une mesure essentielle qui permet aux entreprises de comprendre l&rsquo;impact environnemental de leurs activit\u00e9s et de mettre en \u0153uvre des mesures durables. Cette analyse approfondie permet d&rsquo;explorer les opportunit\u00e9s sur le march\u00e9 des cr\u00e9dits carbone et de mener des actions compensatoires, garantissant ainsi des op\u00e9rations avec un impact environnemental r\u00e9duit et une position favorable sur le march\u00e9, avec de meilleures perspectives de soutien gouvernemental et l&rsquo;\u00e9tablissement d&rsquo;un avantage concurrentiel significatif.<\/p>\n","protected":false},"excerpt":{"rendered":"<p>Investir dans le d\u00e9veloppement durable est essentiel pour toutes les entreprises. Il s&rsquo;agit non seulement de pr\u00e9server la vie telle que nous la connaissons, mais aussi de se positionner sur le march\u00e9. En prenant des mesures pour r\u00e9duire l&rsquo;impact environnemental de vos activit\u00e9s, vous vous positionnez favorablement sur le march\u00e9 et vous avez acc\u00e8s aux [&hellip;]<\/p>\n","protected":false},"author":15,"featured_media":34388,"comment_status":"open","ping_status":"open","sticky":false,"template":"","format":"standard","meta":{"_acf_changed":false,"content-type":"","footnotes":""},"categories":[1506],"tags":[3843],"class_list":["post-34402","post","type-post","status-publish","format-standard","has-post-thumbnail","hentry","category-gestao","tag-empreinte-carbone"],"acf":[],"yoast_head":"<!-- This site is optimized with the Yoast SEO plugin v26.5 - https:\/\/yoast.com\/wordpress\/plugins\/seo\/ -->\n<title>Empreinte carbone : qu&#039;est-ce que c&#039;est et comment calculer celle de votre entreprise ? - MyABCM<\/title>\n<meta name=\"description\" content=\"Pour d\u00e9terminer o\u00f9 mettre en \u0153uvre des actions efficaces et percutantes, commencez par comprendre l&#039;empreinte carbone de votre entreprise.\" \/>\n<meta name=\"robots\" content=\"index, follow, max-snippet:-1, max-image-preview:large, max-video-preview:-1\" \/>\n<link rel=\"canonical\" href=\"https:\/\/myabcm.com\/fr\/empreinte-carbone-quest-ce-que-cest-et-comment-calculer\/\" \/>\n<meta property=\"og:locale\" content=\"fr_FR\" \/>\n<meta property=\"og:type\" content=\"article\" \/>\n<meta property=\"og:title\" content=\"Empreinte carbone : qu&#039;est-ce que c&#039;est et comment calculer celle de votre entreprise ? - MyABCM\" \/>\n<meta property=\"og:description\" content=\"Pour d\u00e9terminer o\u00f9 mettre en \u0153uvre des actions efficaces et percutantes, commencez par comprendre l&#039;empreinte carbone de votre entreprise.\" \/>\n<meta property=\"og:url\" content=\"https:\/\/myabcm.com\/fr\/empreinte-carbone-quest-ce-que-cest-et-comment-calculer\/\" \/>\n<meta property=\"og:site_name\" content=\"MyABCM\" \/>\n<meta property=\"article:publisher\" content=\"https:\/\/www.facebook.com\/MyABCM\/\" \/>\n<meta property=\"article:published_time\" content=\"2023-06-06T14:05:16+00:00\" \/>\n<meta property=\"article:modified_time\" content=\"2023-06-16T12:52:11+00:00\" \/>\n<meta property=\"og:image\" content=\"https:\/\/myabcm.com\/wp-content\/uploads\/Artigo-271-pegada-de-carbono.png\" \/>\n\t<meta property=\"og:image:width\" content=\"900\" \/>\n\t<meta property=\"og:image:height\" content=\"315\" \/>\n\t<meta property=\"og:image:type\" content=\"image\/png\" \/>\n<meta name=\"author\" content=\"Rodolpho Ramirez\" \/>\n<meta name=\"twitter:card\" content=\"summary_large_image\" \/>\n<meta name=\"twitter:creator\" content=\"@myabcm\" \/>\n<meta name=\"twitter:site\" content=\"@myabcm\" \/>\n<meta name=\"twitter:label1\" content=\"\u00c9crit par\" \/>\n\t<meta name=\"twitter:data1\" content=\"Rodolpho Ramirez\" \/>\n\t<meta name=\"twitter:label2\" content=\"Dur\u00e9e de lecture estim\u00e9e\" \/>\n\t<meta name=\"twitter:data2\" content=\"3 minutes\" \/>\n<script type=\"application\/ld+json\" class=\"yoast-schema-graph\">{\"@context\":\"https:\/\/schema.org\",\"@graph\":[{\"@type\":\"WebPage\",\"@id\":\"https:\/\/myabcm.com\/fr\/empreinte-carbone-quest-ce-que-cest-et-comment-calculer\/\",\"url\":\"https:\/\/myabcm.com\/fr\/empreinte-carbone-quest-ce-que-cest-et-comment-calculer\/\",\"name\":\"Empreinte carbone : qu'est-ce que c'est et comment calculer celle de votre entreprise ? - MyABCM\",\"isPartOf\":{\"@id\":\"https:\/\/myabcm.com\/fr\/#website\"},\"primaryImageOfPage\":{\"@id\":\"https:\/\/myabcm.com\/fr\/empreinte-carbone-quest-ce-que-cest-et-comment-calculer\/#primaryimage\"},\"image\":{\"@id\":\"https:\/\/myabcm.com\/fr\/empreinte-carbone-quest-ce-que-cest-et-comment-calculer\/#primaryimage\"},\"thumbnailUrl\":\"https:\/\/myabcm.com\/wp-content\/uploads\/Artigo-271-pegada-de-carbono.png\",\"datePublished\":\"2023-06-06T14:05:16+00:00\",\"dateModified\":\"2023-06-16T12:52:11+00:00\",\"author\":{\"@id\":\"https:\/\/myabcm.com\/fr\/#\/schema\/person\/93847a9a46d019ad889ba149ecdc4ee9\"},\"description\":\"Pour d\u00e9terminer o\u00f9 mettre en \u0153uvre des actions efficaces et percutantes, commencez par comprendre l'empreinte carbone de votre entreprise.\",\"inLanguage\":\"fr-FR\",\"potentialAction\":[{\"@type\":\"ReadAction\",\"target\":[\"https:\/\/myabcm.com\/fr\/empreinte-carbone-quest-ce-que-cest-et-comment-calculer\/\"]}]},{\"@type\":\"ImageObject\",\"inLanguage\":\"fr-FR\",\"@id\":\"https:\/\/myabcm.com\/fr\/empreinte-carbone-quest-ce-que-cest-et-comment-calculer\/#primaryimage\",\"url\":\"https:\/\/myabcm.com\/wp-content\/uploads\/Artigo-271-pegada-de-carbono.png\",\"contentUrl\":\"https:\/\/myabcm.com\/wp-content\/uploads\/Artigo-271-pegada-de-carbono.png\",\"width\":900,\"height\":315},{\"@type\":\"WebSite\",\"@id\":\"https:\/\/myabcm.com\/fr\/#website\",\"url\":\"https:\/\/myabcm.com\/fr\/\",\"name\":\"MyABCM\",\"description\":\"\",\"potentialAction\":[{\"@type\":\"SearchAction\",\"target\":{\"@type\":\"EntryPoint\",\"urlTemplate\":\"https:\/\/myabcm.com\/fr\/?s={search_term_string}\"},\"query-input\":{\"@type\":\"PropertyValueSpecification\",\"valueRequired\":true,\"valueName\":\"search_term_string\"}}],\"inLanguage\":\"fr-FR\"},{\"@type\":\"Person\",\"@id\":\"https:\/\/myabcm.com\/fr\/#\/schema\/person\/93847a9a46d019ad889ba149ecdc4ee9\",\"name\":\"Rodolpho Ramirez\",\"image\":{\"@type\":\"ImageObject\",\"inLanguage\":\"fr-FR\",\"@id\":\"https:\/\/myabcm.com\/fr\/#\/schema\/person\/image\/\",\"url\":\"https:\/\/secure.gravatar.com\/avatar\/d2e56e5611288bb7dddc938920804f3fab455ca267cbc11afe6ecffb6690144f?s=96&d=mm&r=g\",\"contentUrl\":\"https:\/\/secure.gravatar.com\/avatar\/d2e56e5611288bb7dddc938920804f3fab455ca267cbc11afe6ecffb6690144f?s=96&d=mm&r=g\",\"caption\":\"Rodolpho Ramirez\"},\"sameAs\":[\"https:\/\/www.myabcm.com\/\"],\"url\":\"https:\/\/myabcm.com\/fr\/author\/rodolpho\/\"}]}<\/script>\n<!-- \/ Yoast SEO plugin. -->","yoast_head_json":{"title":"Empreinte carbone : qu'est-ce que c'est et comment calculer celle de votre entreprise ? - MyABCM","description":"Pour d\u00e9terminer o\u00f9 mettre en \u0153uvre des actions efficaces et percutantes, commencez par comprendre l'empreinte carbone de votre entreprise.","robots":{"index":"index","follow":"follow","max-snippet":"max-snippet:-1","max-image-preview":"max-image-preview:large","max-video-preview":"max-video-preview:-1"},"canonical":"https:\/\/myabcm.com\/fr\/empreinte-carbone-quest-ce-que-cest-et-comment-calculer\/","og_locale":"fr_FR","og_type":"article","og_title":"Empreinte carbone : qu'est-ce que c'est et comment calculer celle de votre entreprise ? - MyABCM","og_description":"Pour d\u00e9terminer o\u00f9 mettre en \u0153uvre des actions efficaces et percutantes, commencez par comprendre l'empreinte carbone de votre entreprise.","og_url":"https:\/\/myabcm.com\/fr\/empreinte-carbone-quest-ce-que-cest-et-comment-calculer\/","og_site_name":"MyABCM","article_publisher":"https:\/\/www.facebook.com\/MyABCM\/","article_published_time":"2023-06-06T14:05:16+00:00","article_modified_time":"2023-06-16T12:52:11+00:00","og_image":[{"width":900,"height":315,"url":"https:\/\/myabcm.com\/wp-content\/uploads\/Artigo-271-pegada-de-carbono.png","type":"image\/png"}],"author":"Rodolpho Ramirez","twitter_card":"summary_large_image","twitter_creator":"@myabcm","twitter_site":"@myabcm","twitter_misc":{"\u00c9crit par":"Rodolpho Ramirez","Dur\u00e9e de lecture estim\u00e9e":"3 minutes"},"schema":{"@context":"https:\/\/schema.org","@graph":[{"@type":"WebPage","@id":"https:\/\/myabcm.com\/fr\/empreinte-carbone-quest-ce-que-cest-et-comment-calculer\/","url":"https:\/\/myabcm.com\/fr\/empreinte-carbone-quest-ce-que-cest-et-comment-calculer\/","name":"Empreinte carbone : qu'est-ce que c'est et comment calculer celle de votre entreprise ? - MyABCM","isPartOf":{"@id":"https:\/\/myabcm.com\/fr\/#website"},"primaryImageOfPage":{"@id":"https:\/\/myabcm.com\/fr\/empreinte-carbone-quest-ce-que-cest-et-comment-calculer\/#primaryimage"},"image":{"@id":"https:\/\/myabcm.com\/fr\/empreinte-carbone-quest-ce-que-cest-et-comment-calculer\/#primaryimage"},"thumbnailUrl":"https:\/\/myabcm.com\/wp-content\/uploads\/Artigo-271-pegada-de-carbono.png","datePublished":"2023-06-06T14:05:16+00:00","dateModified":"2023-06-16T12:52:11+00:00","author":{"@id":"https:\/\/myabcm.com\/fr\/#\/schema\/person\/93847a9a46d019ad889ba149ecdc4ee9"},"description":"Pour d\u00e9terminer o\u00f9 mettre en \u0153uvre des actions efficaces et percutantes, commencez par comprendre l'empreinte carbone de votre entreprise.","inLanguage":"fr-FR","potentialAction":[{"@type":"ReadAction","target":["https:\/\/myabcm.com\/fr\/empreinte-carbone-quest-ce-que-cest-et-comment-calculer\/"]}]},{"@type":"ImageObject","inLanguage":"fr-FR","@id":"https:\/\/myabcm.com\/fr\/empreinte-carbone-quest-ce-que-cest-et-comment-calculer\/#primaryimage","url":"https:\/\/myabcm.com\/wp-content\/uploads\/Artigo-271-pegada-de-carbono.png","contentUrl":"https:\/\/myabcm.com\/wp-content\/uploads\/Artigo-271-pegada-de-carbono.png","width":900,"height":315},{"@type":"WebSite","@id":"https:\/\/myabcm.com\/fr\/#website","url":"https:\/\/myabcm.com\/fr\/","name":"MyABCM","description":"","potentialAction":[{"@type":"SearchAction","target":{"@type":"EntryPoint","urlTemplate":"https:\/\/myabcm.com\/fr\/?s={search_term_string}"},"query-input":{"@type":"PropertyValueSpecification","valueRequired":true,"valueName":"search_term_string"}}],"inLanguage":"fr-FR"},{"@type":"Person","@id":"https:\/\/myabcm.com\/fr\/#\/schema\/person\/93847a9a46d019ad889ba149ecdc4ee9","name":"Rodolpho Ramirez","image":{"@type":"ImageObject","inLanguage":"fr-FR","@id":"https:\/\/myabcm.com\/fr\/#\/schema\/person\/image\/","url":"https:\/\/secure.gravatar.com\/avatar\/d2e56e5611288bb7dddc938920804f3fab455ca267cbc11afe6ecffb6690144f?s=96&d=mm&r=g","contentUrl":"https:\/\/secure.gravatar.com\/avatar\/d2e56e5611288bb7dddc938920804f3fab455ca267cbc11afe6ecffb6690144f?s=96&d=mm&r=g","caption":"Rodolpho Ramirez"},"sameAs":["https:\/\/www.myabcm.com\/"],"url":"https:\/\/myabcm.com\/fr\/author\/rodolpho\/"}]}},"_links":{"self":[{"href":"https:\/\/myabcm.com\/fr\/wp-json\/wp\/v2\/posts\/34402","targetHints":{"allow":["GET"]}}],"collection":[{"href":"https:\/\/myabcm.com\/fr\/wp-json\/wp\/v2\/posts"}],"about":[{"href":"https:\/\/myabcm.com\/fr\/wp-json\/wp\/v2\/types\/post"}],"author":[{"embeddable":true,"href":"https:\/\/myabcm.com\/fr\/wp-json\/wp\/v2\/users\/15"}],"replies":[{"embeddable":true,"href":"https:\/\/myabcm.com\/fr\/wp-json\/wp\/v2\/comments?post=34402"}],"version-history":[{"count":3,"href":"https:\/\/myabcm.com\/fr\/wp-json\/wp\/v2\/posts\/34402\/revisions"}],"predecessor-version":[{"id":34412,"href":"https:\/\/myabcm.com\/fr\/wp-json\/wp\/v2\/posts\/34402\/revisions\/34412"}],"wp:featuredmedia":[{"embeddable":true,"href":"https:\/\/myabcm.com\/fr\/wp-json\/wp\/v2\/media\/34388"}],"wp:attachment":[{"href":"https:\/\/myabcm.com\/fr\/wp-json\/wp\/v2\/media?parent=34402"}],"wp:term":[{"taxonomy":"category","embeddable":true,"href":"https:\/\/myabcm.com\/fr\/wp-json\/wp\/v2\/categories?post=34402"},{"taxonomy":"post_tag","embeddable":true,"href":"https:\/\/myabcm.com\/fr\/wp-json\/wp\/v2\/tags?post=34402"}],"curies":[{"name":"wp","href":"https:\/\/api.w.org\/{rel}","templated":true}]}}