{"id":35460,"date":"2023-12-08T10:27:39","date_gmt":"2023-12-08T13:27:39","guid":{"rendered":"https:\/\/myabcm.com\/myabcm-permet-denseigner-la-gestion-des-couts-conversation-avec-le-professeur-laura-ghezzi\/"},"modified":"2024-01-04T10:41:04","modified_gmt":"2024-01-04T13:41:04","slug":"gestion-des-couts-professeur-laura-ghezzi-myabcm","status":"publish","type":"post","link":"https:\/\/myabcm.com\/fr\/gestion-des-couts-professeur-laura-ghezzi-myabcm\/","title":{"rendered":"MyABCM permet d&rsquo;enseigner la gestion des co\u00fbts : conversation avec le professeur Laura Ghezzi"},"content":{"rendered":"<p>Dans le paysage dynamique de l&rsquo;\u00e9ducation, les outils innovants jouent un r\u00f4le crucial dans l&rsquo;am\u00e9lioration de l&rsquo;enseignement. Dans cet article, nous nous penchons sur l&rsquo;exp\u00e9rience du professeur Laura Ghezzi, expert-comptable dipl\u00f4m\u00e9e en administration, qui a choisi MyABCM pour enrichir ses cours sur le calcul des co\u00fbts et la gestion par activit\u00e9s.<\/p>\n<h2>MyABCM dans les salles de classe : Un choix naturel<\/h2>\n<p><img decoding=\"async\" class=\"alignleft wp-image-35461\" src=\"https:\/\/myabcm.com\/wp-content\/uploads\/Laura-Ghezzi-FR.png\" alt=\"\" width=\"155\" height=\"181\" srcset=\"https:\/\/myabcm.com\/wp-content\/uploads\/Laura-Ghezzi-FR.png 309w, https:\/\/myabcm.com\/wp-content\/uploads\/Laura-Ghezzi-FR-258x300.png 258w, https:\/\/myabcm.com\/wp-content\/uploads\/Laura-Ghezzi-FR-129x150.png 129w\" sizes=\"(max-width: 155px) 100vw, 155px\" \/>Le professeur Laura Ghezzi nous a expliqu\u00e9 pourquoi elle a choisi MyABCM pour ses cours : <strong>\u00ab\u00a0Dans le cours de calcul des co\u00fbts et de gestion par activit\u00e9s, les professeurs connaissaient d\u00e9j\u00e0 l&rsquo;outil MyABCM pour l&rsquo;avoir d\u00e9j\u00e0 mis en \u0153uvre dans le cadre de la formation professionnelle et pour l&rsquo;avoir d\u00e9j\u00e0 utilis\u00e9 dans le cadre de leurs cours. C&rsquo;\u00e9tait donc le premier choix lorsque l&rsquo;on pensait \u00e0 un outil qui d\u00e9montre l&rsquo;application du th\u00e8me sp\u00e9cifique du cours\u00a0\u00bb.<\/strong><\/p>\n<h2>L&rsquo;exp\u00e9rience du monde r\u00e9el de MyABCM : Un enrichissement pour les \u00e9tudiants<\/h2>\n<p>L&rsquo;une des principales contributions de MyABCM aux cours du professeur Ghezzi est sa capacit\u00e9 \u00e0 fournir aux \u00e9tudiants une vision concr\u00e8te de la mise en \u0153uvre du calcul des co\u00fbts ABC dans la pratique des affaires. <strong>\u00ab\u00a0Le fait de pouvoir observer directement comment le syst\u00e8me ABC est mis en \u0153uvre dans la vie r\u00e9elle est tr\u00e8s enrichissant pour les \u00e9tudiants. Cela leur permet d&rsquo;avoir une id\u00e9e concr\u00e8te de son application et des possibilit\u00e9s d&rsquo;analyse ult\u00e9rieure sur la base des donn\u00e9es charg\u00e9es dans le logiciel. \u00a0\u00bb\u00a0<\/strong><\/p>\n<h2>Un soutien tangible au processus d&rsquo;enseignement et d&rsquo;apprentissage<\/h2>\n<p>Lorsqu&rsquo;on lui demande comment MyABCM soutient le processus d&rsquo;enseignement et d&rsquo;apprentissage, le professeur insiste : <strong>\u00ab\u00a0Dans le cours, nous naviguons directement \u00e0 travers l&rsquo;outil dans une application de cas dans l&rsquo;une des classes. Dans un autre, nous montrons les diff\u00e9rents tableaux et graphiques obtenus pour l&rsquo;analyse des informations en vue de la prise de d\u00e9cision.\u00a0\u00bb<\/strong><\/p>\n<h2>MyABCM \u00e0 l&rsquo;avant-garde de l&rsquo;enseignement de la gestion d&rsquo;entreprise<\/h2>\n<p>L&rsquo;exp\u00e9rience du professeur Laura Ghezzi montre que MyABCM est un outil essentiel dans son processus d&rsquo;enseignement de la gestion des co\u00fbts. En offrant une perspective pratique sur le calcul des co\u00fbts ABC, MyABCM enrichit non seulement l&rsquo;apprentissage des \u00e9tudiants, mais offre \u00e9galement une approche tangible pour comprendre et appliquer les concepts.<\/p>\n<p>L&rsquo;engagement du professeur Ghezzi \u00e0 choisir un outil qui ne r\u00e9pond pas seulement aux besoins acad\u00e9miques mais qui a aussi une application pratique dans le monde professionnel positionne MyABCM \u00e0 l&rsquo;avant-garde de l&rsquo;enseignement de la gestion d&rsquo;entreprise.<\/p>\n","protected":false},"excerpt":{"rendered":"<p>Dans le paysage dynamique de l&rsquo;\u00e9ducation, les outils innovants jouent un r\u00f4le crucial dans l&rsquo;am\u00e9lioration de l&rsquo;enseignement. Dans cet article, nous nous penchons sur l&rsquo;exp\u00e9rience du professeur Laura Ghezzi, expert-comptable dipl\u00f4m\u00e9e en administration, qui a choisi MyABCM pour enrichir ses cours sur le calcul des co\u00fbts et la gestion par activit\u00e9s. MyABCM dans les salles [&hellip;]<\/p>\n","protected":false},"author":15,"featured_media":35397,"comment_status":"open","ping_status":"open","sticky":false,"template":"","format":"standard","meta":{"_acf_changed":false,"content-type":"","footnotes":""},"categories":[3560,3562],"tags":[3633,3916,2200,3567,3851],"class_list":["post-35460","post","type-post","status-publish","format-standard","has-post-thumbnail","hentry","category-autre","category-gestion-des-couts","tag-gestion-des-couts","tag-gestion-des-couts-myabcm","tag-myabcm","tag-myabcm-fr","tag-reduction-des-couts-fr"],"acf":[],"yoast_head":"<!-- This site is optimized with the Yoast SEO plugin v26.5 - https:\/\/yoast.com\/wordpress\/plugins\/seo\/ -->\n<title>MyABCM permet d&#039;enseigner la gestion des co\u00fbts : conversation avec le professeur Laura Ghezzi - MyABCM<\/title>\n<meta name=\"description\" content=\"Professeur Laura Ghezzi, expert-comptable dipl\u00f4m\u00e9e en administration, qui a choisi MyABCM pour enrichir ses cours sur le calcul des co\u00fbts et la gestion\" \/>\n<meta name=\"robots\" content=\"index, follow, max-snippet:-1, max-image-preview:large, max-video-preview:-1\" \/>\n<link rel=\"canonical\" href=\"https:\/\/myabcm.com\/fr\/gestion-des-couts-professeur-laura-ghezzi-myabcm\/\" \/>\n<meta property=\"og:locale\" content=\"fr_FR\" \/>\n<meta property=\"og:type\" content=\"article\" \/>\n<meta property=\"og:title\" content=\"MyABCM permet d&#039;enseigner la gestion des co\u00fbts : conversation avec le professeur Laura Ghezzi - MyABCM\" \/>\n<meta property=\"og:description\" content=\"Professeur Laura Ghezzi, expert-comptable dipl\u00f4m\u00e9e en administration, qui a choisi MyABCM pour enrichir ses cours sur le calcul des co\u00fbts et la gestion\" \/>\n<meta property=\"og:url\" content=\"https:\/\/myabcm.com\/fr\/gestion-des-couts-professeur-laura-ghezzi-myabcm\/\" \/>\n<meta property=\"og:site_name\" content=\"MyABCM\" \/>\n<meta property=\"article:publisher\" content=\"https:\/\/www.facebook.com\/MyABCM\/\" \/>\n<meta property=\"article:published_time\" content=\"2023-12-08T13:27:39+00:00\" \/>\n<meta property=\"article:modified_time\" content=\"2024-01-04T13:41:04+00:00\" \/>\n<meta property=\"og:image\" content=\"https:\/\/myabcm.com\/wp-content\/uploads\/Topo-BlogPost-Depoimento-Laura-1.png\" \/>\n\t<meta property=\"og:image:width\" content=\"600\" \/>\n\t<meta property=\"og:image:height\" content=\"210\" \/>\n\t<meta property=\"og:image:type\" content=\"image\/png\" \/>\n<meta name=\"author\" content=\"Rodolpho Ramirez\" \/>\n<meta name=\"twitter:card\" content=\"summary_large_image\" \/>\n<meta name=\"twitter:creator\" content=\"@myabcm\" \/>\n<meta name=\"twitter:site\" content=\"@myabcm\" \/>\n<meta name=\"twitter:label1\" content=\"\u00c9crit par\" \/>\n\t<meta name=\"twitter:data1\" content=\"Rodolpho Ramirez\" \/>\n\t<meta name=\"twitter:label2\" content=\"Dur\u00e9e de lecture estim\u00e9e\" \/>\n\t<meta name=\"twitter:data2\" content=\"2 minutes\" \/>\n<script type=\"application\/ld+json\" class=\"yoast-schema-graph\">{\"@context\":\"https:\/\/schema.org\",\"@graph\":[{\"@type\":\"WebPage\",\"@id\":\"https:\/\/myabcm.com\/fr\/gestion-des-couts-professeur-laura-ghezzi-myabcm\/\",\"url\":\"https:\/\/myabcm.com\/fr\/gestion-des-couts-professeur-laura-ghezzi-myabcm\/\",\"name\":\"MyABCM permet d'enseigner la gestion des co\u00fbts : conversation avec le professeur Laura Ghezzi - MyABCM\",\"isPartOf\":{\"@id\":\"https:\/\/myabcm.com\/fr\/#website\"},\"primaryImageOfPage\":{\"@id\":\"https:\/\/myabcm.com\/fr\/gestion-des-couts-professeur-laura-ghezzi-myabcm\/#primaryimage\"},\"image\":{\"@id\":\"https:\/\/myabcm.com\/fr\/gestion-des-couts-professeur-laura-ghezzi-myabcm\/#primaryimage\"},\"thumbnailUrl\":\"https:\/\/myabcm.com\/wp-content\/uploads\/Topo-BlogPost-Depoimento-Laura-1.png\",\"datePublished\":\"2023-12-08T13:27:39+00:00\",\"dateModified\":\"2024-01-04T13:41:04+00:00\",\"author\":{\"@id\":\"https:\/\/myabcm.com\/fr\/#\/schema\/person\/93847a9a46d019ad889ba149ecdc4ee9\"},\"description\":\"Professeur Laura Ghezzi, expert-comptable dipl\u00f4m\u00e9e en administration, qui a choisi MyABCM pour enrichir ses cours sur le calcul des co\u00fbts et la gestion\",\"inLanguage\":\"fr-FR\",\"potentialAction\":[{\"@type\":\"ReadAction\",\"target\":[\"https:\/\/myabcm.com\/fr\/gestion-des-couts-professeur-laura-ghezzi-myabcm\/\"]}]},{\"@type\":\"ImageObject\",\"inLanguage\":\"fr-FR\",\"@id\":\"https:\/\/myabcm.com\/fr\/gestion-des-couts-professeur-laura-ghezzi-myabcm\/#primaryimage\",\"url\":\"https:\/\/myabcm.com\/wp-content\/uploads\/Topo-BlogPost-Depoimento-Laura-1.png\",\"contentUrl\":\"https:\/\/myabcm.com\/wp-content\/uploads\/Topo-BlogPost-Depoimento-Laura-1.png\",\"width\":600,\"height\":210},{\"@type\":\"WebSite\",\"@id\":\"https:\/\/myabcm.com\/fr\/#website\",\"url\":\"https:\/\/myabcm.com\/fr\/\",\"name\":\"MyABCM\",\"description\":\"\",\"potentialAction\":[{\"@type\":\"SearchAction\",\"target\":{\"@type\":\"EntryPoint\",\"urlTemplate\":\"https:\/\/myabcm.com\/fr\/?s={search_term_string}\"},\"query-input\":{\"@type\":\"PropertyValueSpecification\",\"valueRequired\":true,\"valueName\":\"search_term_string\"}}],\"inLanguage\":\"fr-FR\"},{\"@type\":\"Person\",\"@id\":\"https:\/\/myabcm.com\/fr\/#\/schema\/person\/93847a9a46d019ad889ba149ecdc4ee9\",\"name\":\"Rodolpho Ramirez\",\"image\":{\"@type\":\"ImageObject\",\"inLanguage\":\"fr-FR\",\"@id\":\"https:\/\/myabcm.com\/fr\/#\/schema\/person\/image\/\",\"url\":\"https:\/\/secure.gravatar.com\/avatar\/d2e56e5611288bb7dddc938920804f3fab455ca267cbc11afe6ecffb6690144f?s=96&d=mm&r=g\",\"contentUrl\":\"https:\/\/secure.gravatar.com\/avatar\/d2e56e5611288bb7dddc938920804f3fab455ca267cbc11afe6ecffb6690144f?s=96&d=mm&r=g\",\"caption\":\"Rodolpho Ramirez\"},\"sameAs\":[\"https:\/\/www.myabcm.com\/\"],\"url\":\"https:\/\/myabcm.com\/fr\/author\/rodolpho\/\"}]}<\/script>\n<!-- \/ Yoast SEO plugin. -->","yoast_head_json":{"title":"MyABCM permet d'enseigner la gestion des co\u00fbts : conversation avec le professeur Laura Ghezzi - MyABCM","description":"Professeur Laura Ghezzi, expert-comptable dipl\u00f4m\u00e9e en administration, qui a choisi MyABCM pour enrichir ses cours sur le calcul des co\u00fbts et la gestion","robots":{"index":"index","follow":"follow","max-snippet":"max-snippet:-1","max-image-preview":"max-image-preview:large","max-video-preview":"max-video-preview:-1"},"canonical":"https:\/\/myabcm.com\/fr\/gestion-des-couts-professeur-laura-ghezzi-myabcm\/","og_locale":"fr_FR","og_type":"article","og_title":"MyABCM permet d'enseigner la gestion des co\u00fbts : conversation avec le professeur Laura Ghezzi - MyABCM","og_description":"Professeur Laura Ghezzi, expert-comptable dipl\u00f4m\u00e9e en administration, qui a choisi MyABCM pour enrichir ses cours sur le calcul des co\u00fbts et la gestion","og_url":"https:\/\/myabcm.com\/fr\/gestion-des-couts-professeur-laura-ghezzi-myabcm\/","og_site_name":"MyABCM","article_publisher":"https:\/\/www.facebook.com\/MyABCM\/","article_published_time":"2023-12-08T13:27:39+00:00","article_modified_time":"2024-01-04T13:41:04+00:00","og_image":[{"width":600,"height":210,"url":"https:\/\/myabcm.com\/wp-content\/uploads\/Topo-BlogPost-Depoimento-Laura-1.png","type":"image\/png"}],"author":"Rodolpho Ramirez","twitter_card":"summary_large_image","twitter_creator":"@myabcm","twitter_site":"@myabcm","twitter_misc":{"\u00c9crit par":"Rodolpho Ramirez","Dur\u00e9e de lecture estim\u00e9e":"2 minutes"},"schema":{"@context":"https:\/\/schema.org","@graph":[{"@type":"WebPage","@id":"https:\/\/myabcm.com\/fr\/gestion-des-couts-professeur-laura-ghezzi-myabcm\/","url":"https:\/\/myabcm.com\/fr\/gestion-des-couts-professeur-laura-ghezzi-myabcm\/","name":"MyABCM permet d'enseigner la gestion des co\u00fbts : conversation avec le professeur Laura Ghezzi - MyABCM","isPartOf":{"@id":"https:\/\/myabcm.com\/fr\/#website"},"primaryImageOfPage":{"@id":"https:\/\/myabcm.com\/fr\/gestion-des-couts-professeur-laura-ghezzi-myabcm\/#primaryimage"},"image":{"@id":"https:\/\/myabcm.com\/fr\/gestion-des-couts-professeur-laura-ghezzi-myabcm\/#primaryimage"},"thumbnailUrl":"https:\/\/myabcm.com\/wp-content\/uploads\/Topo-BlogPost-Depoimento-Laura-1.png","datePublished":"2023-12-08T13:27:39+00:00","dateModified":"2024-01-04T13:41:04+00:00","author":{"@id":"https:\/\/myabcm.com\/fr\/#\/schema\/person\/93847a9a46d019ad889ba149ecdc4ee9"},"description":"Professeur Laura Ghezzi, expert-comptable dipl\u00f4m\u00e9e en administration, qui a choisi MyABCM pour enrichir ses cours sur le calcul des co\u00fbts et la gestion","inLanguage":"fr-FR","potentialAction":[{"@type":"ReadAction","target":["https:\/\/myabcm.com\/fr\/gestion-des-couts-professeur-laura-ghezzi-myabcm\/"]}]},{"@type":"ImageObject","inLanguage":"fr-FR","@id":"https:\/\/myabcm.com\/fr\/gestion-des-couts-professeur-laura-ghezzi-myabcm\/#primaryimage","url":"https:\/\/myabcm.com\/wp-content\/uploads\/Topo-BlogPost-Depoimento-Laura-1.png","contentUrl":"https:\/\/myabcm.com\/wp-content\/uploads\/Topo-BlogPost-Depoimento-Laura-1.png","width":600,"height":210},{"@type":"WebSite","@id":"https:\/\/myabcm.com\/fr\/#website","url":"https:\/\/myabcm.com\/fr\/","name":"MyABCM","description":"","potentialAction":[{"@type":"SearchAction","target":{"@type":"EntryPoint","urlTemplate":"https:\/\/myabcm.com\/fr\/?s={search_term_string}"},"query-input":{"@type":"PropertyValueSpecification","valueRequired":true,"valueName":"search_term_string"}}],"inLanguage":"fr-FR"},{"@type":"Person","@id":"https:\/\/myabcm.com\/fr\/#\/schema\/person\/93847a9a46d019ad889ba149ecdc4ee9","name":"Rodolpho Ramirez","image":{"@type":"ImageObject","inLanguage":"fr-FR","@id":"https:\/\/myabcm.com\/fr\/#\/schema\/person\/image\/","url":"https:\/\/secure.gravatar.com\/avatar\/d2e56e5611288bb7dddc938920804f3fab455ca267cbc11afe6ecffb6690144f?s=96&d=mm&r=g","contentUrl":"https:\/\/secure.gravatar.com\/avatar\/d2e56e5611288bb7dddc938920804f3fab455ca267cbc11afe6ecffb6690144f?s=96&d=mm&r=g","caption":"Rodolpho Ramirez"},"sameAs":["https:\/\/www.myabcm.com\/"],"url":"https:\/\/myabcm.com\/fr\/author\/rodolpho\/"}]}},"_links":{"self":[{"href":"https:\/\/myabcm.com\/fr\/wp-json\/wp\/v2\/posts\/35460","targetHints":{"allow":["GET"]}}],"collection":[{"href":"https:\/\/myabcm.com\/fr\/wp-json\/wp\/v2\/posts"}],"about":[{"href":"https:\/\/myabcm.com\/fr\/wp-json\/wp\/v2\/types\/post"}],"author":[{"embeddable":true,"href":"https:\/\/myabcm.com\/fr\/wp-json\/wp\/v2\/users\/15"}],"replies":[{"embeddable":true,"href":"https:\/\/myabcm.com\/fr\/wp-json\/wp\/v2\/comments?post=35460"}],"version-history":[{"count":3,"href":"https:\/\/myabcm.com\/fr\/wp-json\/wp\/v2\/posts\/35460\/revisions"}],"predecessor-version":[{"id":35467,"href":"https:\/\/myabcm.com\/fr\/wp-json\/wp\/v2\/posts\/35460\/revisions\/35467"}],"wp:featuredmedia":[{"embeddable":true,"href":"https:\/\/myabcm.com\/fr\/wp-json\/wp\/v2\/media\/35397"}],"wp:attachment":[{"href":"https:\/\/myabcm.com\/fr\/wp-json\/wp\/v2\/media?parent=35460"}],"wp:term":[{"taxonomy":"category","embeddable":true,"href":"https:\/\/myabcm.com\/fr\/wp-json\/wp\/v2\/categories?post=35460"},{"taxonomy":"post_tag","embeddable":true,"href":"https:\/\/myabcm.com\/fr\/wp-json\/wp\/v2\/tags?post=35460"}],"curies":[{"name":"wp","href":"https:\/\/api.w.org\/{rel}","templated":true}]}}