{"id":35472,"date":"2024-01-15T10:49:46","date_gmt":"2024-01-15T13:49:46","guid":{"rendered":"https:\/\/myabcm.com\/preparer-les-etudiants-au-marche-du-travail-avec-myabcm\/"},"modified":"2024-01-16T14:52:24","modified_gmt":"2024-01-16T17:52:24","slug":"preparer-les-etudiants-au-marche-du-travail-avec-myabcm","status":"publish","type":"post","link":"https:\/\/myabcm.com\/fr\/preparer-les-etudiants-au-marche-du-travail-avec-myabcm\/","title":{"rendered":"Pr\u00e9parer les \u00e9tudiants au march\u00e9 du travail avec MyABCM"},"content":{"rendered":"<p>La gestion des co\u00fbts est une discipline essentielle, mais souvent complexe, qui pose des d\u00e9fis aux \u00e9tudiants et aux professeurs d&rsquo;administration des affaires. Aller au-del\u00e0 de la th\u00e9orie et montrer comment le processus se d\u00e9roule dans la r\u00e9alit\u00e9 d&rsquo;une organisation n&rsquo;est peut-\u00eatre pas une t\u00e2che facile, mais cela ajoute de la valeur \u00e0 l&rsquo;enseignement et aide \u00e0 pr\u00e9parer les \u00e9tudiants aux r\u00e9alit\u00e9s du march\u00e9 du travail.<\/p>\n<p>C&rsquo;est pourquoi nous avons d\u00e9velopp\u00e9 notre programme acad\u00e9mique dans le but de promouvoir les bonnes pratiques en mati\u00e8re de gestion des co\u00fbts et d&rsquo;aider les \u00e9tablissements d&rsquo;enseignement \u00e0 pr\u00e9parer leurs \u00e9tudiants \u00e0 la vie professionnelle. D\u00e9couvrez les commentaires du professeur Alex, qui utilise MyABCM \u00e0 l&rsquo;Universit\u00e9 catholique Boliviana San Pablo Regional La Paz.<\/p>\n<h2>MyABCM en classe : Une r\u00e9volution dans l&rsquo;enseignement<\/h2>\n<p><img decoding=\"async\" class=\"alignleft wp-image-35442\" src=\"https:\/\/myabcm.com\/wp-content\/uploads\/Prof-Alex-Morales-EN.png\" alt=\"\" width=\"180\" height=\"184\" srcset=\"https:\/\/myabcm.com\/wp-content\/uploads\/Prof-Alex-Morales-EN.png 387w, https:\/\/myabcm.com\/wp-content\/uploads\/Prof-Alex-Morales-EN-294x300.png 294w, https:\/\/myabcm.com\/wp-content\/uploads\/Prof-Alex-Morales-EN-147x150.png 147w\" sizes=\"(max-width: 180px) 100vw, 180px\" \/><\/p>\n<p><strong>\u00ab\u00a0Au cours des derni\u00e8res ann\u00e9es, j&rsquo;ai utilis\u00e9 MyABCM pour enseigner la gestion des co\u00fbts \u00e0 mes \u00e9tudiants. Ce programme a compl\u00e8tement transform\u00e9 la fa\u00e7on dont je pr\u00e9sente et analyse les informations sur les co\u00fbts en classe\u00a0\u00bb.<\/strong><\/p>\n<p>L&rsquo;une des principales caract\u00e9ristiques de MyABCM est la possibilit\u00e9 de cr\u00e9er des mod\u00e8les de co\u00fbts personnalis\u00e9s qui simulent des entreprises r\u00e9elles. Le professeur Alex souligne :<strong> \u00ab\u00a0Je peux configurer diff\u00e9rents syst\u00e8mes de calcul des co\u00fbts, tels que le calcul des co\u00fbts par commande, le calcul des co\u00fbts par processus et le calcul des co\u00fbts par activit\u00e9. Cela permet aux \u00e9tudiants d&rsquo;exp\u00e9rimenter diff\u00e9rentes strat\u00e9gies de calcul des co\u00fbts et de comprendre l&rsquo;impact financier de chaque d\u00e9cision\u00a0\u00bb.<\/strong><\/p>\n<h2>Interface intuitive et facilit\u00e9 d&rsquo;utilisation<\/h2>\n<p>MyABCM se distingue par son interface intuitive et sa facilit\u00e9 d&rsquo;utilisation, m\u00eame pour les \u00e9tudiants peu exp\u00e9riment\u00e9s. Le professeur souligne que <strong>\u00ab\u00a0la plateforme g\u00e9n\u00e8re des rapports et des graphiques automatis\u00e9s qui facilitent l&rsquo;analyse des r\u00e9sultats. Cela aide les \u00e9tudiants \u00e0 d\u00e9velopper leur esprit critique et \u00e0 interpr\u00e9ter les donn\u00e9es comptables\u00a0\u00bb<\/strong>.<\/p>\n<h2>Un apprentissage pratique et interactif<\/h2>\n<p>En r\u00e9sum\u00e9, MyABCM a consid\u00e9rablement am\u00e9lior\u00e9 l&rsquo;efficacit\u00e9 des cours du professeur Alex. Il souligne : <strong>\u00ab\u00a0Il permet aux \u00e9tudiants d&rsquo;apprendre par la pratique, plut\u00f4t que de se contenter de lire des textes et des th\u00e9ories abstraites. Je recommanderais sans h\u00e9siter ce logiciel innovant \u00e0 tout professeur de comptabilit\u00e9 analytique d\u00e9sireux de rendre ses cours plus interactifs et plus attrayants\u00a0\u00bb.<\/strong><\/p>\n<h2>Am\u00e9liorer l&rsquo;enseignement de la gestion des co\u00fbts<\/h2>\n<p>Le t\u00e9moignage du professeur Alex souligne l&rsquo;impact transformateur de MyABCM sur l&rsquo;enseignement de la comptabilit\u00e9 analytique. En offrant une exp\u00e9rience pratique et interactive, notre plateforme ne se contente pas de simplifier des concepts complexes, mais inspire \u00e9galement la pens\u00e9e critique et pr\u00e9pare les \u00e9tudiants aux d\u00e9fis du monde professionnel. Ensemble, nous \u00e9levons le niveau de l&rsquo;enseignement de la gestion des co\u00fbts, en donnant \u00e0 la prochaine g\u00e9n\u00e9ration de professionnels de la finance les moyens d&rsquo;agir.<\/p>\n","protected":false},"excerpt":{"rendered":"<p>La gestion des co\u00fbts est une discipline essentielle, mais souvent complexe, qui pose des d\u00e9fis aux \u00e9tudiants et aux professeurs d&rsquo;administration des affaires. Aller au-del\u00e0 de la th\u00e9orie et montrer comment le processus se d\u00e9roule dans la r\u00e9alit\u00e9 d&rsquo;une organisation n&rsquo;est peut-\u00eatre pas une t\u00e2che facile, mais cela ajoute de la valeur \u00e0 l&rsquo;enseignement et [&hellip;]<\/p>\n","protected":false},"author":15,"featured_media":35407,"comment_status":"open","ping_status":"open","sticky":false,"template":"","format":"standard","meta":{"_acf_changed":false,"content-type":"","footnotes":""},"categories":[3560,3562],"tags":[3633,3567],"class_list":["post-35472","post","type-post","status-publish","format-standard","has-post-thumbnail","hentry","category-autre","category-gestion-des-couts","tag-gestion-des-couts","tag-myabcm-fr"],"acf":[],"yoast_head":"<!-- This site is optimized with the Yoast SEO plugin v26.5 - https:\/\/yoast.com\/wordpress\/plugins\/seo\/ -->\n<title>Pr\u00e9parer les \u00e9tudiants au march\u00e9 du travail avec MyABCM - MyABCM<\/title>\n<meta name=\"description\" content=\"D\u00e9couvrez les commentaires du professeur Alex, qui utilise MyABCM \u00e0 l&#039;Universit\u00e9 catholique Boliviana San Pablo Regional La Paz.\" \/>\n<meta name=\"robots\" content=\"index, follow, max-snippet:-1, max-image-preview:large, max-video-preview:-1\" \/>\n<link rel=\"canonical\" href=\"https:\/\/myabcm.com\/fr\/preparer-les-etudiants-au-marche-du-travail-avec-myabcm\/\" \/>\n<meta property=\"og:locale\" content=\"fr_FR\" \/>\n<meta property=\"og:type\" content=\"article\" \/>\n<meta property=\"og:title\" content=\"Pr\u00e9parer les \u00e9tudiants au march\u00e9 du travail avec MyABCM - MyABCM\" \/>\n<meta property=\"og:description\" content=\"D\u00e9couvrez les commentaires du professeur Alex, qui utilise MyABCM \u00e0 l&#039;Universit\u00e9 catholique Boliviana San Pablo Regional La Paz.\" \/>\n<meta property=\"og:url\" content=\"https:\/\/myabcm.com\/fr\/preparer-les-etudiants-au-marche-du-travail-avec-myabcm\/\" \/>\n<meta property=\"og:site_name\" content=\"MyABCM\" \/>\n<meta property=\"article:publisher\" content=\"https:\/\/www.facebook.com\/MyABCM\/\" \/>\n<meta property=\"article:published_time\" content=\"2024-01-15T13:49:46+00:00\" \/>\n<meta property=\"article:modified_time\" content=\"2024-01-16T17:52:24+00:00\" \/>\n<meta property=\"og:image\" content=\"https:\/\/myabcm.com\/wp-content\/uploads\/Topo-BlogPost-Depoimento-Prof-Alex.png\" \/>\n\t<meta property=\"og:image:width\" content=\"600\" \/>\n\t<meta property=\"og:image:height\" content=\"210\" \/>\n\t<meta property=\"og:image:type\" content=\"image\/png\" \/>\n<meta name=\"author\" content=\"Rodolpho Ramirez\" \/>\n<meta name=\"twitter:card\" content=\"summary_large_image\" \/>\n<meta name=\"twitter:creator\" content=\"@myabcm\" \/>\n<meta name=\"twitter:site\" content=\"@myabcm\" \/>\n<meta name=\"twitter:label1\" content=\"\u00c9crit par\" \/>\n\t<meta name=\"twitter:data1\" content=\"Rodolpho Ramirez\" \/>\n\t<meta name=\"twitter:label2\" content=\"Dur\u00e9e de lecture estim\u00e9e\" \/>\n\t<meta name=\"twitter:data2\" content=\"3 minutes\" \/>\n<script type=\"application\/ld+json\" class=\"yoast-schema-graph\">{\"@context\":\"https:\/\/schema.org\",\"@graph\":[{\"@type\":\"WebPage\",\"@id\":\"https:\/\/myabcm.com\/fr\/preparer-les-etudiants-au-marche-du-travail-avec-myabcm\/\",\"url\":\"https:\/\/myabcm.com\/fr\/preparer-les-etudiants-au-marche-du-travail-avec-myabcm\/\",\"name\":\"Pr\u00e9parer les \u00e9tudiants au march\u00e9 du travail avec MyABCM - MyABCM\",\"isPartOf\":{\"@id\":\"https:\/\/myabcm.com\/fr\/#website\"},\"primaryImageOfPage\":{\"@id\":\"https:\/\/myabcm.com\/fr\/preparer-les-etudiants-au-marche-du-travail-avec-myabcm\/#primaryimage\"},\"image\":{\"@id\":\"https:\/\/myabcm.com\/fr\/preparer-les-etudiants-au-marche-du-travail-avec-myabcm\/#primaryimage\"},\"thumbnailUrl\":\"https:\/\/myabcm.com\/wp-content\/uploads\/Topo-BlogPost-Depoimento-Prof-Alex.png\",\"datePublished\":\"2024-01-15T13:49:46+00:00\",\"dateModified\":\"2024-01-16T17:52:24+00:00\",\"author\":{\"@id\":\"https:\/\/myabcm.com\/fr\/#\/schema\/person\/93847a9a46d019ad889ba149ecdc4ee9\"},\"description\":\"D\u00e9couvrez les commentaires du professeur Alex, qui utilise MyABCM \u00e0 l'Universit\u00e9 catholique Boliviana San Pablo Regional La Paz.\",\"inLanguage\":\"fr-FR\",\"potentialAction\":[{\"@type\":\"ReadAction\",\"target\":[\"https:\/\/myabcm.com\/fr\/preparer-les-etudiants-au-marche-du-travail-avec-myabcm\/\"]}]},{\"@type\":\"ImageObject\",\"inLanguage\":\"fr-FR\",\"@id\":\"https:\/\/myabcm.com\/fr\/preparer-les-etudiants-au-marche-du-travail-avec-myabcm\/#primaryimage\",\"url\":\"https:\/\/myabcm.com\/wp-content\/uploads\/Topo-BlogPost-Depoimento-Prof-Alex.png\",\"contentUrl\":\"https:\/\/myabcm.com\/wp-content\/uploads\/Topo-BlogPost-Depoimento-Prof-Alex.png\",\"width\":600,\"height\":210},{\"@type\":\"WebSite\",\"@id\":\"https:\/\/myabcm.com\/fr\/#website\",\"url\":\"https:\/\/myabcm.com\/fr\/\",\"name\":\"MyABCM\",\"description\":\"\",\"potentialAction\":[{\"@type\":\"SearchAction\",\"target\":{\"@type\":\"EntryPoint\",\"urlTemplate\":\"https:\/\/myabcm.com\/fr\/?s={search_term_string}\"},\"query-input\":{\"@type\":\"PropertyValueSpecification\",\"valueRequired\":true,\"valueName\":\"search_term_string\"}}],\"inLanguage\":\"fr-FR\"},{\"@type\":\"Person\",\"@id\":\"https:\/\/myabcm.com\/fr\/#\/schema\/person\/93847a9a46d019ad889ba149ecdc4ee9\",\"name\":\"Rodolpho Ramirez\",\"image\":{\"@type\":\"ImageObject\",\"inLanguage\":\"fr-FR\",\"@id\":\"https:\/\/myabcm.com\/fr\/#\/schema\/person\/image\/\",\"url\":\"https:\/\/secure.gravatar.com\/avatar\/d2e56e5611288bb7dddc938920804f3fab455ca267cbc11afe6ecffb6690144f?s=96&d=mm&r=g\",\"contentUrl\":\"https:\/\/secure.gravatar.com\/avatar\/d2e56e5611288bb7dddc938920804f3fab455ca267cbc11afe6ecffb6690144f?s=96&d=mm&r=g\",\"caption\":\"Rodolpho Ramirez\"},\"sameAs\":[\"https:\/\/www.myabcm.com\/\"],\"url\":\"https:\/\/myabcm.com\/fr\/author\/rodolpho\/\"}]}<\/script>\n<!-- \/ Yoast SEO plugin. -->","yoast_head_json":{"title":"Pr\u00e9parer les \u00e9tudiants au march\u00e9 du travail avec MyABCM - MyABCM","description":"D\u00e9couvrez les commentaires du professeur Alex, qui utilise MyABCM \u00e0 l'Universit\u00e9 catholique Boliviana San Pablo Regional La Paz.","robots":{"index":"index","follow":"follow","max-snippet":"max-snippet:-1","max-image-preview":"max-image-preview:large","max-video-preview":"max-video-preview:-1"},"canonical":"https:\/\/myabcm.com\/fr\/preparer-les-etudiants-au-marche-du-travail-avec-myabcm\/","og_locale":"fr_FR","og_type":"article","og_title":"Pr\u00e9parer les \u00e9tudiants au march\u00e9 du travail avec MyABCM - MyABCM","og_description":"D\u00e9couvrez les commentaires du professeur Alex, qui utilise MyABCM \u00e0 l'Universit\u00e9 catholique Boliviana San Pablo Regional La Paz.","og_url":"https:\/\/myabcm.com\/fr\/preparer-les-etudiants-au-marche-du-travail-avec-myabcm\/","og_site_name":"MyABCM","article_publisher":"https:\/\/www.facebook.com\/MyABCM\/","article_published_time":"2024-01-15T13:49:46+00:00","article_modified_time":"2024-01-16T17:52:24+00:00","og_image":[{"width":600,"height":210,"url":"https:\/\/myabcm.com\/wp-content\/uploads\/Topo-BlogPost-Depoimento-Prof-Alex.png","type":"image\/png"}],"author":"Rodolpho Ramirez","twitter_card":"summary_large_image","twitter_creator":"@myabcm","twitter_site":"@myabcm","twitter_misc":{"\u00c9crit par":"Rodolpho Ramirez","Dur\u00e9e de lecture estim\u00e9e":"3 minutes"},"schema":{"@context":"https:\/\/schema.org","@graph":[{"@type":"WebPage","@id":"https:\/\/myabcm.com\/fr\/preparer-les-etudiants-au-marche-du-travail-avec-myabcm\/","url":"https:\/\/myabcm.com\/fr\/preparer-les-etudiants-au-marche-du-travail-avec-myabcm\/","name":"Pr\u00e9parer les \u00e9tudiants au march\u00e9 du travail avec MyABCM - MyABCM","isPartOf":{"@id":"https:\/\/myabcm.com\/fr\/#website"},"primaryImageOfPage":{"@id":"https:\/\/myabcm.com\/fr\/preparer-les-etudiants-au-marche-du-travail-avec-myabcm\/#primaryimage"},"image":{"@id":"https:\/\/myabcm.com\/fr\/preparer-les-etudiants-au-marche-du-travail-avec-myabcm\/#primaryimage"},"thumbnailUrl":"https:\/\/myabcm.com\/wp-content\/uploads\/Topo-BlogPost-Depoimento-Prof-Alex.png","datePublished":"2024-01-15T13:49:46+00:00","dateModified":"2024-01-16T17:52:24+00:00","author":{"@id":"https:\/\/myabcm.com\/fr\/#\/schema\/person\/93847a9a46d019ad889ba149ecdc4ee9"},"description":"D\u00e9couvrez les commentaires du professeur Alex, qui utilise MyABCM \u00e0 l'Universit\u00e9 catholique Boliviana San Pablo Regional La Paz.","inLanguage":"fr-FR","potentialAction":[{"@type":"ReadAction","target":["https:\/\/myabcm.com\/fr\/preparer-les-etudiants-au-marche-du-travail-avec-myabcm\/"]}]},{"@type":"ImageObject","inLanguage":"fr-FR","@id":"https:\/\/myabcm.com\/fr\/preparer-les-etudiants-au-marche-du-travail-avec-myabcm\/#primaryimage","url":"https:\/\/myabcm.com\/wp-content\/uploads\/Topo-BlogPost-Depoimento-Prof-Alex.png","contentUrl":"https:\/\/myabcm.com\/wp-content\/uploads\/Topo-BlogPost-Depoimento-Prof-Alex.png","width":600,"height":210},{"@type":"WebSite","@id":"https:\/\/myabcm.com\/fr\/#website","url":"https:\/\/myabcm.com\/fr\/","name":"MyABCM","description":"","potentialAction":[{"@type":"SearchAction","target":{"@type":"EntryPoint","urlTemplate":"https:\/\/myabcm.com\/fr\/?s={search_term_string}"},"query-input":{"@type":"PropertyValueSpecification","valueRequired":true,"valueName":"search_term_string"}}],"inLanguage":"fr-FR"},{"@type":"Person","@id":"https:\/\/myabcm.com\/fr\/#\/schema\/person\/93847a9a46d019ad889ba149ecdc4ee9","name":"Rodolpho Ramirez","image":{"@type":"ImageObject","inLanguage":"fr-FR","@id":"https:\/\/myabcm.com\/fr\/#\/schema\/person\/image\/","url":"https:\/\/secure.gravatar.com\/avatar\/d2e56e5611288bb7dddc938920804f3fab455ca267cbc11afe6ecffb6690144f?s=96&d=mm&r=g","contentUrl":"https:\/\/secure.gravatar.com\/avatar\/d2e56e5611288bb7dddc938920804f3fab455ca267cbc11afe6ecffb6690144f?s=96&d=mm&r=g","caption":"Rodolpho Ramirez"},"sameAs":["https:\/\/www.myabcm.com\/"],"url":"https:\/\/myabcm.com\/fr\/author\/rodolpho\/"}]}},"_links":{"self":[{"href":"https:\/\/myabcm.com\/fr\/wp-json\/wp\/v2\/posts\/35472","targetHints":{"allow":["GET"]}}],"collection":[{"href":"https:\/\/myabcm.com\/fr\/wp-json\/wp\/v2\/posts"}],"about":[{"href":"https:\/\/myabcm.com\/fr\/wp-json\/wp\/v2\/types\/post"}],"author":[{"embeddable":true,"href":"https:\/\/myabcm.com\/fr\/wp-json\/wp\/v2\/users\/15"}],"replies":[{"embeddable":true,"href":"https:\/\/myabcm.com\/fr\/wp-json\/wp\/v2\/comments?post=35472"}],"version-history":[{"count":8,"href":"https:\/\/myabcm.com\/fr\/wp-json\/wp\/v2\/posts\/35472\/revisions"}],"predecessor-version":[{"id":35481,"href":"https:\/\/myabcm.com\/fr\/wp-json\/wp\/v2\/posts\/35472\/revisions\/35481"}],"wp:featuredmedia":[{"embeddable":true,"href":"https:\/\/myabcm.com\/fr\/wp-json\/wp\/v2\/media\/35407"}],"wp:attachment":[{"href":"https:\/\/myabcm.com\/fr\/wp-json\/wp\/v2\/media?parent=35472"}],"wp:term":[{"taxonomy":"category","embeddable":true,"href":"https:\/\/myabcm.com\/fr\/wp-json\/wp\/v2\/categories?post=35472"},{"taxonomy":"post_tag","embeddable":true,"href":"https:\/\/myabcm.com\/fr\/wp-json\/wp\/v2\/tags?post=35472"}],"curies":[{"name":"wp","href":"https:\/\/api.w.org\/{rel}","templated":true}]}}