{"id":18940,"date":"2020-03-04T17:41:10","date_gmt":"2020-03-04T20:41:10","guid":{"rendered":"https:\/\/myabcm.agenciaarc.com.br\/?p=18940"},"modified":"2021-09-25T00:01:20","modified_gmt":"2021-09-25T03:01:20","slug":"microgerenciamento-quais-sao-as-causas-impactos-negativos-e-como-resolver","status":"publish","type":"post","link":"https:\/\/myabcm.com\/pt-br\/microgerenciamento-quais-sao-as-causas-impactos-negativos-e-como-resolver\/","title":{"rendered":"Microgerenciamento: quais s\u00e3o as causas, impactos negativos e como resolver?"},"content":{"rendered":"<p>N\u00e3o se engane com a palavra microgerenciamento: ela pode parecer mais uma t\u00e9cnica de gest\u00e3o inovadora, mas<strong> \u00e9 exatamente o contr\u00e1rio<\/strong>.<!--more--> O controle excessivo sobre os times, especialmente em tarefas menores, pode ser extremamente prejudicial ao neg\u00f3cio.<\/p>\n<p>A gest\u00e3o de equipes tem avan\u00e7ado a passos largos no ambiente empresarial moderno. E isso n\u00e3o se deve apenas a modelos de gest\u00e3o mais humanos: isso acontece porque at\u00e9 mesmo as tarefas mais rotineiras dos funcion\u00e1rios s\u00e3o mais complexas do que h\u00e1 30 anos.<\/p>\n<p>O microgerenciamento \u00e9 uma heran\u00e7a de antigos modelos de gest\u00e3o e pode ser uma pedra no sapato de qualquer neg\u00f3cio que pretende deslanchar no mercado. Por isso, no post de hoje vamos explicar o que ele \u00e9, suas causas e como acabar com esse problema de vez.<\/p>\n<h2><strong>O que \u00e9 o microgerenciamento<\/strong><\/h2>\n<p>O microgerenciamento \u00e9 quando um l\u00edder tenta se impor de maneira que seus liderados precisam obrigatoriamente coloc\u00e1-lo de alguma forma a par de todos os m\u00ednimos detalhes operacionais do seu trabalho.<\/p>\n<p>O problema \u00e9 que isso, al\u00e9m de ser humanamente imposs\u00edvel devido ao volume de trabalho e ao tamanho das equipes, \u00e9 altamente desmotivador para os liderados, que sentem que seu gestor n\u00e3o deposita confian\u00e7a em seu trabalho.<\/p>\n<p>Alguns sinais do microgerenciamento, que \u00e9 quando o gestor deixa de liderar e passa a auditar o trabalho da equipe, podem ser observados em algumas atitudes:<\/p>\n<ul>\n<li>exigir ser copiado em todas as trocas de e-mails da equipe\/empresa;<\/li>\n<li>tudo precisa ser autorizado por ele, at\u00e9 mesmo tarefas banais, como tirar uma fotoc\u00f3pia;<\/li>\n<li>equipes limitadas a participar de projetos com outras frentes da empresa a n\u00e3o ser que seu l\u00edder esteja envolvido.<\/li>\n<\/ul>\n<h2><strong>Principais causas e problemas do microgerenciamento<\/strong><\/h2>\n<p>As causas para o microgerenciamento podem ser diversas, mas elas costumam ter pelo menos duas ra\u00edzes comuns: causas pessoais e causas organizacionais.<\/p>\n<p>Causas pessoais podem envolver problemas com inseguran\u00e7a, dificuldade em confiar por conta de traumas anteriores e at\u00e9 obsessividade.<\/p>\n<p>J\u00e1 as causas organizacionais podem ser o pr\u00f3prio modelo de gest\u00e3o da diretoria, pol\u00edticas internas, cultura top down da empresa e instabilidades\/incertezas no cargo.<\/p>\n<p>Os principais problemas que o microgerenciamento podem causar s\u00e3o:<\/p>\n<h3><strong>Ambiente de trabalho estressante<\/strong><\/h3>\n<p>Cobran\u00e7as excessivas, falta de motiva\u00e7\u00e3o e principalmente o n\u00e3o reconhecimento dos resultados elevam o estresse dos funcion\u00e1rios e sua produtividade despenca.<\/p>\n<h3><strong>Equipe limitada<\/strong><\/h3>\n<p>Com todos os seus passos sendo minuciosamente monitorados pelos gestores, a equipe deixa de inovar e se mant\u00e9m na zona de conforto de entregar somente aquilo que \u00e9 pedido.<\/p>\n<h3><strong>O gestor como mau exemplo (ou n\u00e3o-exemplo)<\/strong><\/h3>\n<p>Quando o gestor \u00e9 um microgerenciador, ele pode fazer com que sua equipe se torne assim tamb\u00e9m ou at\u00e9 mesmo que n\u00e3o seja respeitado e a reten\u00e7\u00e3o e desenvolvimento de talentos seja nula.<\/p>\n<h2><strong>Como livrar a empresa do microgerenciamento<\/strong><\/h2>\n<p>Voc\u00ea j\u00e1 deve ter percebido que o microgerenciamento n\u00e3o \u00e9 brincadeira, n\u00e3o \u00e9 mesmo? A boa not\u00edcia, no entanto, \u00e9 que com algum esfor\u00e7o e tomando atitudes efetivas a respeito desse tipo de gest\u00e3o \u00e9 poss\u00edvel reverter o caso:<\/p>\n<ol>\n<li>Forne\u00e7a treinamentos de gest\u00e3o modernos para seus l\u00edderes.<\/li>\n<li>Reconhe\u00e7a cada progresso da equipe, n\u00e3o importando o tamanho.<\/li>\n<li>Tenha empatia e conhe\u00e7a melhor a sua equipe para ajud\u00e1-los em suas especificidades.<\/li>\n<li>D\u00ea autonomia para a equipe fazer o trabalho operacional e concentre-se nos desafios de gest\u00e3o.<\/li>\n<li>Seja sempre transparente, seus liderados ser\u00e3o inspirados por isso e far\u00e3o o mesmo por voc\u00ea.<\/li>\n<\/ol>\n<h2><strong>Gest\u00e3o de resultados<\/strong><\/h2>\n<p>Confiar em sua equipe e deixar isso bem claro para eles \u00e9 essencial para eliminar de vez o problema do microgerenciamento. Deixe seus funcion\u00e1rios se concentrarem naquilo que s\u00e3o bons, confie em seu talento.<\/p>\n<p>Ali\u00e1s, tamb\u00e9m \u00e9 preciso confiar em softwares de gest\u00e3o capazes de otimizar cada vez mais o seu trabalho e trazer grandes resultados para o neg\u00f3cio. Essas sim s\u00e3o grandes estrat\u00e9gias de gest\u00e3o.<\/p>\n","protected":false},"excerpt":{"rendered":"<p>N\u00e3o se engane com a palavra microgerenciamento: ela pode parecer mais uma t\u00e9cnica de gest\u00e3o inovadora, mas \u00e9 exatamente o contr\u00e1rio.<\/p>\n","protected":false},"author":15,"featured_media":18941,"comment_status":"open","ping_status":"open","sticky":false,"template":"","format":"standard","meta":{"_acf_changed":false,"content-type":"","footnotes":""},"categories":[1506],"tags":[2256,2257,2258],"class_list":["post-18940","post","type-post","status-publish","format-standard","has-post-thumbnail","hentry","category-gestao","tag-controle-excessivo","tag-gestao-prejudicial","tag-microgerenciamento"],"acf":[],"yoast_head":"<!-- This site is optimized with the Yoast SEO plugin v26.5 - https:\/\/yoast.com\/wordpress\/plugins\/seo\/ -->\n<title>Microgerenciamento: quais s\u00e3o as causas, impactos negativos e como resolver? - MyABCM<\/title>\n<meta name=\"robots\" content=\"index, follow, max-snippet:-1, max-image-preview:large, max-video-preview:-1\" \/>\n<link rel=\"canonical\" href=\"https:\/\/myabcm.com\/pt-br\/microgerenciamento-quais-sao-as-causas-impactos-negativos-e-como-resolver\/\" \/>\n<meta property=\"og:locale\" content=\"pt_BR\" \/>\n<meta property=\"og:type\" content=\"article\" \/>\n<meta property=\"og:title\" content=\"Microgerenciamento: quais s\u00e3o as causas, impactos negativos e como resolver? - MyABCM\" \/>\n<meta property=\"og:description\" content=\"N\u00e3o se engane com a palavra microgerenciamento: ela pode parecer mais uma t\u00e9cnica de gest\u00e3o inovadora, mas \u00e9 exatamente o contr\u00e1rio.\" \/>\n<meta property=\"og:url\" content=\"https:\/\/myabcm.com\/pt-br\/microgerenciamento-quais-sao-as-causas-impactos-negativos-e-como-resolver\/\" \/>\n<meta property=\"og:site_name\" content=\"MyABCM\" \/>\n<meta property=\"article:publisher\" content=\"https:\/\/www.facebook.com\/MyABCM\/\" \/>\n<meta property=\"article:published_time\" content=\"2020-03-04T20:41:10+00:00\" \/>\n<meta property=\"article:modified_time\" content=\"2021-09-25T03:01:20+00:00\" \/>\n<meta property=\"og:image\" content=\"https:\/\/myabcm.com\/wp-content\/uploads\/microgerenciamento-quais-sao-as-causas-impactos-negativos-e-como-resolver.jpg\" \/>\n\t<meta property=\"og:image:width\" content=\"900\" \/>\n\t<meta property=\"og:image:height\" content=\"374\" \/>\n\t<meta property=\"og:image:type\" content=\"image\/jpeg\" \/>\n<meta name=\"author\" content=\"Rodolpho Ramirez\" \/>\n<meta name=\"twitter:card\" content=\"summary_large_image\" \/>\n<meta name=\"twitter:creator\" content=\"@myabcm\" \/>\n<meta name=\"twitter:site\" content=\"@myabcm\" \/>\n<meta name=\"twitter:label1\" content=\"Escrito por\" \/>\n\t<meta name=\"twitter:data1\" content=\"Rodolpho Ramirez\" \/>\n\t<meta name=\"twitter:label2\" content=\"Est. tempo de leitura\" \/>\n\t<meta name=\"twitter:data2\" content=\"3 minutos\" \/>\n<script type=\"application\/ld+json\" class=\"yoast-schema-graph\">{\"@context\":\"https:\/\/schema.org\",\"@graph\":[{\"@type\":\"WebPage\",\"@id\":\"https:\/\/myabcm.com\/pt-br\/microgerenciamento-quais-sao-as-causas-impactos-negativos-e-como-resolver\/\",\"url\":\"https:\/\/myabcm.com\/pt-br\/microgerenciamento-quais-sao-as-causas-impactos-negativos-e-como-resolver\/\",\"name\":\"Microgerenciamento: quais s\u00e3o as causas, impactos negativos e como resolver? - MyABCM\",\"isPartOf\":{\"@id\":\"https:\/\/myabcm.com\/pt-br\/#website\"},\"primaryImageOfPage\":{\"@id\":\"https:\/\/myabcm.com\/pt-br\/microgerenciamento-quais-sao-as-causas-impactos-negativos-e-como-resolver\/#primaryimage\"},\"image\":{\"@id\":\"https:\/\/myabcm.com\/pt-br\/microgerenciamento-quais-sao-as-causas-impactos-negativos-e-como-resolver\/#primaryimage\"},\"thumbnailUrl\":\"https:\/\/myabcm.com\/wp-content\/uploads\/microgerenciamento-quais-sao-as-causas-impactos-negativos-e-como-resolver.jpg\",\"datePublished\":\"2020-03-04T20:41:10+00:00\",\"dateModified\":\"2021-09-25T03:01:20+00:00\",\"author\":{\"@id\":\"https:\/\/myabcm.com\/pt-br\/#\/schema\/person\/93847a9a46d019ad889ba149ecdc4ee9\"},\"inLanguage\":\"pt-BR\",\"potentialAction\":[{\"@type\":\"ReadAction\",\"target\":[\"https:\/\/myabcm.com\/pt-br\/microgerenciamento-quais-sao-as-causas-impactos-negativos-e-como-resolver\/\"]}]},{\"@type\":\"ImageObject\",\"inLanguage\":\"pt-BR\",\"@id\":\"https:\/\/myabcm.com\/pt-br\/microgerenciamento-quais-sao-as-causas-impactos-negativos-e-como-resolver\/#primaryimage\",\"url\":\"https:\/\/myabcm.com\/wp-content\/uploads\/microgerenciamento-quais-sao-as-causas-impactos-negativos-e-como-resolver.jpg\",\"contentUrl\":\"https:\/\/myabcm.com\/wp-content\/uploads\/microgerenciamento-quais-sao-as-causas-impactos-negativos-e-como-resolver.jpg\",\"width\":900,\"height\":374},{\"@type\":\"WebSite\",\"@id\":\"https:\/\/myabcm.com\/pt-br\/#website\",\"url\":\"https:\/\/myabcm.com\/pt-br\/\",\"name\":\"MyABCM\",\"description\":\"\",\"potentialAction\":[{\"@type\":\"SearchAction\",\"target\":{\"@type\":\"EntryPoint\",\"urlTemplate\":\"https:\/\/myabcm.com\/pt-br\/?s={search_term_string}\"},\"query-input\":{\"@type\":\"PropertyValueSpecification\",\"valueRequired\":true,\"valueName\":\"search_term_string\"}}],\"inLanguage\":\"pt-BR\"},{\"@type\":\"Person\",\"@id\":\"https:\/\/myabcm.com\/pt-br\/#\/schema\/person\/93847a9a46d019ad889ba149ecdc4ee9\",\"name\":\"Rodolpho Ramirez\",\"image\":{\"@type\":\"ImageObject\",\"inLanguage\":\"pt-BR\",\"@id\":\"https:\/\/myabcm.com\/pt-br\/#\/schema\/person\/image\/\",\"url\":\"https:\/\/secure.gravatar.com\/avatar\/d2e56e5611288bb7dddc938920804f3fab455ca267cbc11afe6ecffb6690144f?s=96&d=mm&r=g\",\"contentUrl\":\"https:\/\/secure.gravatar.com\/avatar\/d2e56e5611288bb7dddc938920804f3fab455ca267cbc11afe6ecffb6690144f?s=96&d=mm&r=g\",\"caption\":\"Rodolpho Ramirez\"},\"sameAs\":[\"https:\/\/www.myabcm.com\/\"],\"url\":\"https:\/\/myabcm.com\/pt-br\/author\/rodolpho\/\"}]}<\/script>\n<!-- \/ Yoast SEO plugin. -->","yoast_head_json":{"title":"Microgerenciamento: quais s\u00e3o as causas, impactos negativos e como resolver? - MyABCM","robots":{"index":"index","follow":"follow","max-snippet":"max-snippet:-1","max-image-preview":"max-image-preview:large","max-video-preview":"max-video-preview:-1"},"canonical":"https:\/\/myabcm.com\/pt-br\/microgerenciamento-quais-sao-as-causas-impactos-negativos-e-como-resolver\/","og_locale":"pt_BR","og_type":"article","og_title":"Microgerenciamento: quais s\u00e3o as causas, impactos negativos e como resolver? - MyABCM","og_description":"N\u00e3o se engane com a palavra microgerenciamento: ela pode parecer mais uma t\u00e9cnica de gest\u00e3o inovadora, mas \u00e9 exatamente o contr\u00e1rio.","og_url":"https:\/\/myabcm.com\/pt-br\/microgerenciamento-quais-sao-as-causas-impactos-negativos-e-como-resolver\/","og_site_name":"MyABCM","article_publisher":"https:\/\/www.facebook.com\/MyABCM\/","article_published_time":"2020-03-04T20:41:10+00:00","article_modified_time":"2021-09-25T03:01:20+00:00","og_image":[{"width":900,"height":374,"url":"https:\/\/myabcm.com\/wp-content\/uploads\/microgerenciamento-quais-sao-as-causas-impactos-negativos-e-como-resolver.jpg","type":"image\/jpeg"}],"author":"Rodolpho Ramirez","twitter_card":"summary_large_image","twitter_creator":"@myabcm","twitter_site":"@myabcm","twitter_misc":{"Escrito por":"Rodolpho Ramirez","Est. tempo de leitura":"3 minutos"},"schema":{"@context":"https:\/\/schema.org","@graph":[{"@type":"WebPage","@id":"https:\/\/myabcm.com\/pt-br\/microgerenciamento-quais-sao-as-causas-impactos-negativos-e-como-resolver\/","url":"https:\/\/myabcm.com\/pt-br\/microgerenciamento-quais-sao-as-causas-impactos-negativos-e-como-resolver\/","name":"Microgerenciamento: quais s\u00e3o as causas, impactos negativos e como resolver? - MyABCM","isPartOf":{"@id":"https:\/\/myabcm.com\/pt-br\/#website"},"primaryImageOfPage":{"@id":"https:\/\/myabcm.com\/pt-br\/microgerenciamento-quais-sao-as-causas-impactos-negativos-e-como-resolver\/#primaryimage"},"image":{"@id":"https:\/\/myabcm.com\/pt-br\/microgerenciamento-quais-sao-as-causas-impactos-negativos-e-como-resolver\/#primaryimage"},"thumbnailUrl":"https:\/\/myabcm.com\/wp-content\/uploads\/microgerenciamento-quais-sao-as-causas-impactos-negativos-e-como-resolver.jpg","datePublished":"2020-03-04T20:41:10+00:00","dateModified":"2021-09-25T03:01:20+00:00","author":{"@id":"https:\/\/myabcm.com\/pt-br\/#\/schema\/person\/93847a9a46d019ad889ba149ecdc4ee9"},"inLanguage":"pt-BR","potentialAction":[{"@type":"ReadAction","target":["https:\/\/myabcm.com\/pt-br\/microgerenciamento-quais-sao-as-causas-impactos-negativos-e-como-resolver\/"]}]},{"@type":"ImageObject","inLanguage":"pt-BR","@id":"https:\/\/myabcm.com\/pt-br\/microgerenciamento-quais-sao-as-causas-impactos-negativos-e-como-resolver\/#primaryimage","url":"https:\/\/myabcm.com\/wp-content\/uploads\/microgerenciamento-quais-sao-as-causas-impactos-negativos-e-como-resolver.jpg","contentUrl":"https:\/\/myabcm.com\/wp-content\/uploads\/microgerenciamento-quais-sao-as-causas-impactos-negativos-e-como-resolver.jpg","width":900,"height":374},{"@type":"WebSite","@id":"https:\/\/myabcm.com\/pt-br\/#website","url":"https:\/\/myabcm.com\/pt-br\/","name":"MyABCM","description":"","potentialAction":[{"@type":"SearchAction","target":{"@type":"EntryPoint","urlTemplate":"https:\/\/myabcm.com\/pt-br\/?s={search_term_string}"},"query-input":{"@type":"PropertyValueSpecification","valueRequired":true,"valueName":"search_term_string"}}],"inLanguage":"pt-BR"},{"@type":"Person","@id":"https:\/\/myabcm.com\/pt-br\/#\/schema\/person\/93847a9a46d019ad889ba149ecdc4ee9","name":"Rodolpho Ramirez","image":{"@type":"ImageObject","inLanguage":"pt-BR","@id":"https:\/\/myabcm.com\/pt-br\/#\/schema\/person\/image\/","url":"https:\/\/secure.gravatar.com\/avatar\/d2e56e5611288bb7dddc938920804f3fab455ca267cbc11afe6ecffb6690144f?s=96&d=mm&r=g","contentUrl":"https:\/\/secure.gravatar.com\/avatar\/d2e56e5611288bb7dddc938920804f3fab455ca267cbc11afe6ecffb6690144f?s=96&d=mm&r=g","caption":"Rodolpho Ramirez"},"sameAs":["https:\/\/www.myabcm.com\/"],"url":"https:\/\/myabcm.com\/pt-br\/author\/rodolpho\/"}]}},"_links":{"self":[{"href":"https:\/\/myabcm.com\/pt-br\/wp-json\/wp\/v2\/posts\/18940","targetHints":{"allow":["GET"]}}],"collection":[{"href":"https:\/\/myabcm.com\/pt-br\/wp-json\/wp\/v2\/posts"}],"about":[{"href":"https:\/\/myabcm.com\/pt-br\/wp-json\/wp\/v2\/types\/post"}],"author":[{"embeddable":true,"href":"https:\/\/myabcm.com\/pt-br\/wp-json\/wp\/v2\/users\/15"}],"replies":[{"embeddable":true,"href":"https:\/\/myabcm.com\/pt-br\/wp-json\/wp\/v2\/comments?post=18940"}],"version-history":[{"count":0,"href":"https:\/\/myabcm.com\/pt-br\/wp-json\/wp\/v2\/posts\/18940\/revisions"}],"wp:featuredmedia":[{"embeddable":true,"href":"https:\/\/myabcm.com\/pt-br\/wp-json\/wp\/v2\/media\/18941"}],"wp:attachment":[{"href":"https:\/\/myabcm.com\/pt-br\/wp-json\/wp\/v2\/media?parent=18940"}],"wp:term":[{"taxonomy":"category","embeddable":true,"href":"https:\/\/myabcm.com\/pt-br\/wp-json\/wp\/v2\/categories?post=18940"},{"taxonomy":"post_tag","embeddable":true,"href":"https:\/\/myabcm.com\/pt-br\/wp-json\/wp\/v2\/tags?post=18940"}],"curies":[{"name":"wp","href":"https:\/\/api.w.org\/{rel}","templated":true}]}}