{"id":29309,"date":"2022-01-17T15:33:33","date_gmt":"2022-01-17T18:33:33","guid":{"rendered":"https:\/\/myabcm.com\/?p=29309"},"modified":"2023-08-08T08:31:01","modified_gmt":"2023-08-08T11:31:01","slug":"novo-cliente-myabcm-andreani-logistica-brasil","status":"publish","type":"post","link":"https:\/\/myabcm.com\/pt-br\/novo-cliente-myabcm-andreani-logistica-brasil\/","title":{"rendered":"Novo cliente MyABCM: Andreani Log\u00edstica Brasil"},"content":{"rendered":"<p>Hoje, apresentamos um cliente do segmento de log\u00edstica: a Andreani Log\u00edstica Brasil. A organiza\u00e7\u00e3o \u00e9 integrante do Grupo Log\u00edstico Andreani, cujas opera\u00e7\u00f5es se iniciaram em 1945 na Argentina. Atualmente, o neg\u00f3cio lidera o segmento de servi\u00e7os de log\u00edstica de alto valor agregado, atendendo a ind\u00fastrias farmac\u00eauticas, cosm\u00e9ticas, de equipamentos hospitalares, tecnologia m\u00e9dica e diagn\u00f3stica, bem como produtos para sa\u00fade animal, al\u00e9m de outros mercados.<\/p>\n<p>Veja mais sobre a Andreani Log\u00edstica <a href=\"https:\/\/www.andreani.com.br\/\">aqui<\/a>.<\/p>\n<h2>Necessidades da organiza\u00e7\u00e3o<\/h2>\n<p>No Brasil, a empresa opera desde o ano de 2001, concentrando suas atividades nas regi\u00f5es sul, sudeste e centro-oeste, localidades onde est\u00e3o sediadas as quatro filiais no pa\u00eds. A prioridade para o neg\u00f3cio \u00e9 fomentar o desenvolvimento de uma infraestrutura de distribui\u00e7\u00e3o que se adeque \u00e0s necessidades muito espec\u00edficas do segmento de healthcare. Neste contexto, os servi\u00e7os oferecidos pela Andreani incluem a integra\u00e7\u00e3o das \u00e1reas de armazenagem, distribui\u00e7\u00e3o e log\u00edstica reversa para seus clientes.<\/p>\n<p>Atendendo a m\u00faltiplas empresas, em um setor com rigorosos requisitos de opera\u00e7\u00e3o e seguran\u00e7a, em um territ\u00f3rio extenso e coberto sobretudo por malha rodovi\u00e1ria, a organiza\u00e7\u00e3o necessitava de um sistema de gest\u00e3o de custos e rentabilidade que permitisse analisar com efici\u00eancia o resultado de cada cliente em separado.<\/p>\n<h2>Realizando an\u00e1lises setoriais<\/h2>\n<p>Para atingir seus objetivos, foi implementada a Solu\u00e7\u00e3o MyABCM Express, que garante praticidade e agilidade para as an\u00e1lises da empresa. Alguns dos ganhos para a Andreani ser\u00e3o a possibilidade de considerar todas as especificidades de cada cliente, sem a necessidade de conhecimentos em c\u00f3digo e programa\u00e7\u00e3o. Esta vantagem, associada \u00e0 alta flexibilidade na modelagem, al\u00e9m da aplica\u00e7\u00e3o de controladores manuais, por meio de uma interface amig\u00e1vel ao usu\u00e1rio e simples de usar, garantir\u00e3o \u00e0 empresa um controle acurado de cada fonte de custos e a emiss\u00e3o de relat\u00f3rios precisos.<\/p>\n<p>Al\u00e9m da implanta\u00e7\u00e3o do sistema, a Andreani Log\u00edstica receber\u00e1 treinamento da nossa equipe, bem como consultoria na primeira fase de utiliza\u00e7\u00e3o da plataforma.<\/p>\n<h3>Se voc\u00ea tamb\u00e9m procura um sistema de gest\u00e3o de custos e rentabilidade totalmente adapt\u00e1vel \u00e0s necessidades da sua empresa, <a href=\"https:\/\/myabcm.com\/pt-br\/solucoes\/\">conhe\u00e7a agora nossas solu\u00e7\u00f5es<\/a>!<\/h3>\n","protected":false},"excerpt":{"rendered":"<p>Hoje, apresentamos um cliente do segmento de log\u00edstica: a Andreani Log\u00edstica Brasil. A organiza\u00e7\u00e3o \u00e9 integrante do Grupo Log\u00edstico Andreani, cujas opera\u00e7\u00f5es se iniciaram em 1945 na Argentina. Atualmente, o neg\u00f3cio lidera o segmento de servi\u00e7os de log\u00edstica de alto valor agregado, atendendo a ind\u00fastrias farmac\u00eauticas, cosm\u00e9ticas, de equipamentos hospitalares, tecnologia m\u00e9dica e diagn\u00f3stica, bem [&hellip;]<\/p>\n","protected":false},"author":15,"featured_media":29310,"comment_status":"open","ping_status":"open","sticky":false,"template":"","format":"standard","meta":{"_acf_changed":false,"content-type":"","footnotes":""},"categories":[3861,1507],"tags":[3540],"class_list":["post-29309","post","type-post","status-publish","format-standard","has-post-thumbnail","hentry","category-clientes","category-gestao-de-custo","tag-andreani-logistica-brasil"],"acf":[],"yoast_head":"<!-- This site is optimized with the Yoast SEO plugin v26.5 - https:\/\/yoast.com\/wordpress\/plugins\/seo\/ -->\n<title>Novo cliente MyABCM: Andreani Log\u00edstica Brasil - MyABCM<\/title>\n<meta name=\"description\" content=\"A organiza\u00e7\u00e3o \u00e9 integrante do Grupo Log\u00edstico Andreani, cujas opera\u00e7\u00f5es se iniciaram em 1945 na Argentina.\" \/>\n<meta name=\"robots\" content=\"index, follow, max-snippet:-1, max-image-preview:large, max-video-preview:-1\" \/>\n<link rel=\"canonical\" href=\"https:\/\/myabcm.com\/pt-br\/novo-cliente-myabcm-andreani-logistica-brasil\/\" \/>\n<meta property=\"og:locale\" content=\"pt_BR\" \/>\n<meta property=\"og:type\" content=\"article\" \/>\n<meta property=\"og:title\" content=\"Novo cliente MyABCM: Andreani Log\u00edstica Brasil - MyABCM\" \/>\n<meta property=\"og:description\" content=\"A organiza\u00e7\u00e3o \u00e9 integrante do Grupo Log\u00edstico Andreani, cujas opera\u00e7\u00f5es se iniciaram em 1945 na Argentina.\" \/>\n<meta property=\"og:url\" content=\"https:\/\/myabcm.com\/pt-br\/novo-cliente-myabcm-andreani-logistica-brasil\/\" \/>\n<meta property=\"og:site_name\" content=\"MyABCM\" \/>\n<meta property=\"article:publisher\" content=\"https:\/\/www.facebook.com\/MyABCM\/\" \/>\n<meta property=\"article:published_time\" content=\"2022-01-17T18:33:33+00:00\" \/>\n<meta property=\"article:modified_time\" content=\"2023-08-08T11:31:01+00:00\" \/>\n<meta property=\"og:image\" content=\"https:\/\/myabcm.com\/wp-content\/uploads\/Topo-Blog-Andreani.png\" \/>\n\t<meta property=\"og:image:width\" content=\"900\" \/>\n\t<meta property=\"og:image:height\" content=\"316\" \/>\n\t<meta property=\"og:image:type\" content=\"image\/png\" \/>\n<meta name=\"author\" content=\"Rodolpho Ramirez\" \/>\n<meta name=\"twitter:card\" content=\"summary_large_image\" \/>\n<meta name=\"twitter:creator\" content=\"@myabcm\" \/>\n<meta name=\"twitter:site\" content=\"@myabcm\" \/>\n<meta name=\"twitter:label1\" content=\"Escrito por\" \/>\n\t<meta name=\"twitter:data1\" content=\"Rodolpho Ramirez\" \/>\n\t<meta name=\"twitter:label2\" content=\"Est. tempo de leitura\" \/>\n\t<meta name=\"twitter:data2\" content=\"2 minutos\" \/>\n<script type=\"application\/ld+json\" class=\"yoast-schema-graph\">{\"@context\":\"https:\/\/schema.org\",\"@graph\":[{\"@type\":\"WebPage\",\"@id\":\"https:\/\/myabcm.com\/pt-br\/novo-cliente-myabcm-andreani-logistica-brasil\/\",\"url\":\"https:\/\/myabcm.com\/pt-br\/novo-cliente-myabcm-andreani-logistica-brasil\/\",\"name\":\"Novo cliente MyABCM: Andreani Log\u00edstica Brasil - MyABCM\",\"isPartOf\":{\"@id\":\"https:\/\/myabcm.com\/pt-br\/#website\"},\"primaryImageOfPage\":{\"@id\":\"https:\/\/myabcm.com\/pt-br\/novo-cliente-myabcm-andreani-logistica-brasil\/#primaryimage\"},\"image\":{\"@id\":\"https:\/\/myabcm.com\/pt-br\/novo-cliente-myabcm-andreani-logistica-brasil\/#primaryimage\"},\"thumbnailUrl\":\"https:\/\/myabcm.com\/wp-content\/uploads\/Topo-Blog-Andreani.png\",\"datePublished\":\"2022-01-17T18:33:33+00:00\",\"dateModified\":\"2023-08-08T11:31:01+00:00\",\"author\":{\"@id\":\"https:\/\/myabcm.com\/pt-br\/#\/schema\/person\/93847a9a46d019ad889ba149ecdc4ee9\"},\"description\":\"A organiza\u00e7\u00e3o \u00e9 integrante do Grupo Log\u00edstico Andreani, cujas opera\u00e7\u00f5es se iniciaram em 1945 na Argentina.\",\"inLanguage\":\"pt-BR\",\"potentialAction\":[{\"@type\":\"ReadAction\",\"target\":[\"https:\/\/myabcm.com\/pt-br\/novo-cliente-myabcm-andreani-logistica-brasil\/\"]}]},{\"@type\":\"ImageObject\",\"inLanguage\":\"pt-BR\",\"@id\":\"https:\/\/myabcm.com\/pt-br\/novo-cliente-myabcm-andreani-logistica-brasil\/#primaryimage\",\"url\":\"https:\/\/myabcm.com\/wp-content\/uploads\/Topo-Blog-Andreani.png\",\"contentUrl\":\"https:\/\/myabcm.com\/wp-content\/uploads\/Topo-Blog-Andreani.png\",\"width\":900,\"height\":316},{\"@type\":\"WebSite\",\"@id\":\"https:\/\/myabcm.com\/pt-br\/#website\",\"url\":\"https:\/\/myabcm.com\/pt-br\/\",\"name\":\"MyABCM\",\"description\":\"\",\"potentialAction\":[{\"@type\":\"SearchAction\",\"target\":{\"@type\":\"EntryPoint\",\"urlTemplate\":\"https:\/\/myabcm.com\/pt-br\/?s={search_term_string}\"},\"query-input\":{\"@type\":\"PropertyValueSpecification\",\"valueRequired\":true,\"valueName\":\"search_term_string\"}}],\"inLanguage\":\"pt-BR\"},{\"@type\":\"Person\",\"@id\":\"https:\/\/myabcm.com\/pt-br\/#\/schema\/person\/93847a9a46d019ad889ba149ecdc4ee9\",\"name\":\"Rodolpho Ramirez\",\"image\":{\"@type\":\"ImageObject\",\"inLanguage\":\"pt-BR\",\"@id\":\"https:\/\/myabcm.com\/pt-br\/#\/schema\/person\/image\/\",\"url\":\"https:\/\/secure.gravatar.com\/avatar\/d2e56e5611288bb7dddc938920804f3fab455ca267cbc11afe6ecffb6690144f?s=96&d=mm&r=g\",\"contentUrl\":\"https:\/\/secure.gravatar.com\/avatar\/d2e56e5611288bb7dddc938920804f3fab455ca267cbc11afe6ecffb6690144f?s=96&d=mm&r=g\",\"caption\":\"Rodolpho Ramirez\"},\"sameAs\":[\"https:\/\/www.myabcm.com\/\"],\"url\":\"https:\/\/myabcm.com\/pt-br\/author\/rodolpho\/\"}]}<\/script>\n<!-- \/ Yoast SEO plugin. -->","yoast_head_json":{"title":"Novo cliente MyABCM: Andreani Log\u00edstica Brasil - MyABCM","description":"A organiza\u00e7\u00e3o \u00e9 integrante do Grupo Log\u00edstico Andreani, cujas opera\u00e7\u00f5es se iniciaram em 1945 na Argentina.","robots":{"index":"index","follow":"follow","max-snippet":"max-snippet:-1","max-image-preview":"max-image-preview:large","max-video-preview":"max-video-preview:-1"},"canonical":"https:\/\/myabcm.com\/pt-br\/novo-cliente-myabcm-andreani-logistica-brasil\/","og_locale":"pt_BR","og_type":"article","og_title":"Novo cliente MyABCM: Andreani Log\u00edstica Brasil - MyABCM","og_description":"A organiza\u00e7\u00e3o \u00e9 integrante do Grupo Log\u00edstico Andreani, cujas opera\u00e7\u00f5es se iniciaram em 1945 na Argentina.","og_url":"https:\/\/myabcm.com\/pt-br\/novo-cliente-myabcm-andreani-logistica-brasil\/","og_site_name":"MyABCM","article_publisher":"https:\/\/www.facebook.com\/MyABCM\/","article_published_time":"2022-01-17T18:33:33+00:00","article_modified_time":"2023-08-08T11:31:01+00:00","og_image":[{"width":900,"height":316,"url":"https:\/\/myabcm.com\/wp-content\/uploads\/Topo-Blog-Andreani.png","type":"image\/png"}],"author":"Rodolpho Ramirez","twitter_card":"summary_large_image","twitter_creator":"@myabcm","twitter_site":"@myabcm","twitter_misc":{"Escrito por":"Rodolpho Ramirez","Est. tempo de leitura":"2 minutos"},"schema":{"@context":"https:\/\/schema.org","@graph":[{"@type":"WebPage","@id":"https:\/\/myabcm.com\/pt-br\/novo-cliente-myabcm-andreani-logistica-brasil\/","url":"https:\/\/myabcm.com\/pt-br\/novo-cliente-myabcm-andreani-logistica-brasil\/","name":"Novo cliente MyABCM: Andreani Log\u00edstica Brasil - MyABCM","isPartOf":{"@id":"https:\/\/myabcm.com\/pt-br\/#website"},"primaryImageOfPage":{"@id":"https:\/\/myabcm.com\/pt-br\/novo-cliente-myabcm-andreani-logistica-brasil\/#primaryimage"},"image":{"@id":"https:\/\/myabcm.com\/pt-br\/novo-cliente-myabcm-andreani-logistica-brasil\/#primaryimage"},"thumbnailUrl":"https:\/\/myabcm.com\/wp-content\/uploads\/Topo-Blog-Andreani.png","datePublished":"2022-01-17T18:33:33+00:00","dateModified":"2023-08-08T11:31:01+00:00","author":{"@id":"https:\/\/myabcm.com\/pt-br\/#\/schema\/person\/93847a9a46d019ad889ba149ecdc4ee9"},"description":"A organiza\u00e7\u00e3o \u00e9 integrante do Grupo Log\u00edstico Andreani, cujas opera\u00e7\u00f5es se iniciaram em 1945 na Argentina.","inLanguage":"pt-BR","potentialAction":[{"@type":"ReadAction","target":["https:\/\/myabcm.com\/pt-br\/novo-cliente-myabcm-andreani-logistica-brasil\/"]}]},{"@type":"ImageObject","inLanguage":"pt-BR","@id":"https:\/\/myabcm.com\/pt-br\/novo-cliente-myabcm-andreani-logistica-brasil\/#primaryimage","url":"https:\/\/myabcm.com\/wp-content\/uploads\/Topo-Blog-Andreani.png","contentUrl":"https:\/\/myabcm.com\/wp-content\/uploads\/Topo-Blog-Andreani.png","width":900,"height":316},{"@type":"WebSite","@id":"https:\/\/myabcm.com\/pt-br\/#website","url":"https:\/\/myabcm.com\/pt-br\/","name":"MyABCM","description":"","potentialAction":[{"@type":"SearchAction","target":{"@type":"EntryPoint","urlTemplate":"https:\/\/myabcm.com\/pt-br\/?s={search_term_string}"},"query-input":{"@type":"PropertyValueSpecification","valueRequired":true,"valueName":"search_term_string"}}],"inLanguage":"pt-BR"},{"@type":"Person","@id":"https:\/\/myabcm.com\/pt-br\/#\/schema\/person\/93847a9a46d019ad889ba149ecdc4ee9","name":"Rodolpho Ramirez","image":{"@type":"ImageObject","inLanguage":"pt-BR","@id":"https:\/\/myabcm.com\/pt-br\/#\/schema\/person\/image\/","url":"https:\/\/secure.gravatar.com\/avatar\/d2e56e5611288bb7dddc938920804f3fab455ca267cbc11afe6ecffb6690144f?s=96&d=mm&r=g","contentUrl":"https:\/\/secure.gravatar.com\/avatar\/d2e56e5611288bb7dddc938920804f3fab455ca267cbc11afe6ecffb6690144f?s=96&d=mm&r=g","caption":"Rodolpho Ramirez"},"sameAs":["https:\/\/www.myabcm.com\/"],"url":"https:\/\/myabcm.com\/pt-br\/author\/rodolpho\/"}]}},"_links":{"self":[{"href":"https:\/\/myabcm.com\/pt-br\/wp-json\/wp\/v2\/posts\/29309","targetHints":{"allow":["GET"]}}],"collection":[{"href":"https:\/\/myabcm.com\/pt-br\/wp-json\/wp\/v2\/posts"}],"about":[{"href":"https:\/\/myabcm.com\/pt-br\/wp-json\/wp\/v2\/types\/post"}],"author":[{"embeddable":true,"href":"https:\/\/myabcm.com\/pt-br\/wp-json\/wp\/v2\/users\/15"}],"replies":[{"embeddable":true,"href":"https:\/\/myabcm.com\/pt-br\/wp-json\/wp\/v2\/comments?post=29309"}],"version-history":[{"count":1,"href":"https:\/\/myabcm.com\/pt-br\/wp-json\/wp\/v2\/posts\/29309\/revisions"}],"predecessor-version":[{"id":34924,"href":"https:\/\/myabcm.com\/pt-br\/wp-json\/wp\/v2\/posts\/29309\/revisions\/34924"}],"wp:featuredmedia":[{"embeddable":true,"href":"https:\/\/myabcm.com\/pt-br\/wp-json\/wp\/v2\/media\/29310"}],"wp:attachment":[{"href":"https:\/\/myabcm.com\/pt-br\/wp-json\/wp\/v2\/media?parent=29309"}],"wp:term":[{"taxonomy":"category","embeddable":true,"href":"https:\/\/myabcm.com\/pt-br\/wp-json\/wp\/v2\/categories?post=29309"},{"taxonomy":"post_tag","embeddable":true,"href":"https:\/\/myabcm.com\/pt-br\/wp-json\/wp\/v2\/tags?post=29309"}],"curies":[{"name":"wp","href":"https:\/\/api.w.org\/{rel}","templated":true}]}}