{"id":33853,"date":"2023-03-21T14:06:17","date_gmt":"2023-03-21T17:06:17","guid":{"rendered":"https:\/\/myabcm.com\/?p=33853"},"modified":"2023-08-08T08:26:57","modified_gmt":"2023-08-08T11:26:57","slug":"crise-economica-global","status":"publish","type":"post","link":"https:\/\/myabcm.com\/pt-br\/crise-economica-global\/","title":{"rendered":"Terceira recess\u00e3o em duas d\u00e9cadas: especialistas debatem agravamento de crise econ\u00f4mica global"},"content":{"rendered":"<p>As crises normalmente chegam n\u00e3o anunciadas. Mas dessa vez o cen\u00e1rio \u00e9 diferente. Com um contexto econ\u00f4mico e social sem precedentes, especialistas preveem um agravamento da instabilidade na economia mundial.<\/p>\n<p>A expectativa em 2020 era de que as economias apresentassem melhoras conforme nos recuper\u00e1ssemos da pandemia de Covid-19. Contudo, o progn\u00f3stico para a economia global at\u00e9 2024 n\u00e3o \u00e9 animador.<\/p>\n<p>As proje\u00e7\u00f5es revelam desacelera\u00e7\u00e3o no crescimento inclusive nos pa\u00edses em desenvolvimento (que geralmente apresentam taxas melhores), com expans\u00e3o muito abaixo do esperado. Dados do Banco Mundial em seu mais recente relat\u00f3rio de Perspectivas Econ\u00f4micas Globais revelam uma prov\u00e1vel crise global frente \u00e0 infla\u00e7\u00e3o elevada, taxas de juros igualmente altas e investimentos reduzidos.<\/p>\n<h2>Alta da infla\u00e7\u00e3o, queda do crescimento econ\u00f4mico<\/h2>\n<p>As proje\u00e7\u00f5es do Banco Mundial indicam que a economia global ter\u00e1 crescimento da ordem de 1,7% este ano; e de 2,7% em 2024. Estes n\u00fameros refletem uma situa\u00e7\u00e3o generalizada que impactar\u00e1 mercados em todos os continentes, com expectativas baixas de crescimento para 95% das economias de primeiro mundo e para aproximadamente 70% das economias em desenvolvimento.<\/p>\n<p>A estimativa \u00e9 que em 2024 a economia global cres\u00e7a 6% menos do que era previsto para 2020, o ano anterior \u00e0 explos\u00e3o da pandemia de Covid-19. Em um contexto mais alarmante, estes dados acendem o sinal vermelho para empresas de todo o mundo: com estas perspectivas fragilizadas, qualquer evento adverso pode dar in\u00edcio a uma recess\u00e3o.<\/p>\n<p>Um aumento dos casos de Covid-19, tens\u00f5es militares entre pa\u00edses ou a fragiliza\u00e7\u00e3o banc\u00e1ria com quebra de bancos como o Silicon Valley Bank e o socorro ao Republic Bank e ao Credit Suisse podem ser o empurr\u00e3ozinho que falta. Eventos desse tipo podem fazer com que os PIBs entrem em queda, a renda real diminua, o desemprego aumente e as ind\u00fastrias tornem-se ociosas, com empresas de segmentos diversos passando por crises severas ou at\u00e9 mesmo indo \u00e0 bancarrota.<\/p>\n<h2>Infla\u00e7\u00e3o acima dos n\u00edveis pr\u00e9-pandemia<\/h2>\n<p>Apesar de ter uma tend\u00eancia a diminuir at\u00e9 o final do pr\u00f3ximo ano, a infla\u00e7\u00e3o se manter\u00e1 acima das taxas obtidas antes do in\u00edcio da pandemia de Coronav\u00edrus. A alta inflacion\u00e1ria aliada \u00e0s proje\u00e7\u00f5es de baixo crescimento econ\u00f4mico em 2024 ter\u00e3o como resultado nas economias emergentes uma demanda externa reduzida e deprecia\u00e7\u00e3o de suas moedas. J\u00e1 as economias avan\u00e7adas devem ter seu crescimento desacelerado, saindo de 2,5% em 2022 para 0,5% em 2023.<\/p>\n<p>Nos \u00faltimos 20 anos, quedas desta magnitude precederam recess\u00f5es mundiais (em 2009 e 2020). Para os EUA em 2023, por exemplo, \u00e9 previsto o pior desempenho econ\u00f4mico fora de per\u00edodos de recess\u00e3o nos \u00faltimos 53 anos.<\/p>\n<h2>O que dizem os especialistas<\/h2>\n<p>Entretanto, h\u00e1 quem acredite que a crise \u00e9 inevit\u00e1vel, com ou sem grandes imprevistos mundiais. Tom Simons, economista especializado no mercado financeiro, prenuncia a entrada em um per\u00edodo de recess\u00e3o cl\u00e1ssica.<\/p>\n<p>De acordo com Simons, a alta na infla\u00e7\u00e3o e nas taxas de juros deve levar a uma significativa queda nas margens de lucro das organiza\u00e7\u00f5es, resultando em cortes de custos que devem come\u00e7ar pela redu\u00e7\u00e3o no quadro de colaboradores. Simons acredita que este agravamento da crise come\u00e7ar\u00e1 a partir do meio deste ano, afetando tanto as economias avan\u00e7adas quanto aquelas em desenvolvimento.<\/p>\n<p>Por outro lado, as opini\u00f5es come\u00e7am a se dividir entre os estudiosos. As anormalidades do contexto econ\u00f4mico atual podem implicar em um comportamento mercadol\u00f3gico diferente, levando a um desdobramento inesperado. Mark Zandi, Head de economia da Moods Analytics, afirma que a simples expectativa de uma recess\u00e3o pode levar a resultados inesperados.<\/p>\n<p>Segundo Zandi, com todos prevendo e se preparando para a crise, fen\u00f4meno praticamente in\u00e9dito, o quadro pode se desenvolver de forma diferente, levando a um arrefecimento inflacion\u00e1rio e at\u00e9 a uma poss\u00edvel queda na taxa de desemprego.<\/p>\n<p>A certeza que temos \u00e9 de que a crise est\u00e1 a\u00ed, afinal, n\u00edveis de crescimento econ\u00f4mico como os atuais historicamente apontam para o surgimento de mais uma recess\u00e3o global. Contudo, \u00e9 dif\u00edcil dizer quais ser\u00e3o as extens\u00f5es dos danos e o impacto nos diferentes mercados.<\/p>\n<p>Assim, aos gestores resta observar as taxas de juros e analisar atentamente como a instabilidade econ\u00f4mica afetar\u00e1 diferentes aspectos de seus neg\u00f3cios: da rela\u00e7\u00e3o com fornecedores ao poder de compra dos clientes. Somente assim ser\u00e1 poss\u00edvel tomar atitudes pontuais que ajudem a preservar as margens sem comprometer a produ\u00e7\u00e3o e o posicionamento de mercado nos pr\u00f3ximos dois anos.<\/p>\n","protected":false},"excerpt":{"rendered":"<p>As crises normalmente chegam n\u00e3o anunciadas. Mas dessa vez o cen\u00e1rio \u00e9 diferente. Com um contexto econ\u00f4mico e social sem precedentes, especialistas preveem um agravamento da instabilidade na economia mundial. A expectativa em 2020 era de que as economias apresentassem melhoras conforme nos recuper\u00e1ssemos da pandemia de Covid-19. Contudo, o progn\u00f3stico para a economia global [&hellip;]<\/p>\n","protected":false},"author":15,"featured_media":33854,"comment_status":"open","ping_status":"open","sticky":false,"template":"","format":"standard","meta":{"_acf_changed":false,"content-type":"","footnotes":""},"categories":[1506],"tags":[3762,3761,3760,3763,3759],"class_list":["post-33853","post","type-post","status-publish","format-standard","has-post-thumbnail","hentry","category-gestao","tag-crise","tag-crise-economica","tag-crise-economica-global","tag-economica-global","tag-terceira-recessao-em-duas-decadas"],"acf":[],"yoast_head":"<!-- This site is optimized with the Yoast SEO plugin v26.5 - https:\/\/yoast.com\/wordpress\/plugins\/seo\/ -->\n<title>Terceira recess\u00e3o em duas d\u00e9cadas: especialistas debatem agravamento de crise econ\u00f4mica global - MyABCM<\/title>\n<meta name=\"description\" content=\"Com um contexto econ\u00f4mico e social sem precedentes, especialistas preveem um agravamento da instabilidade na economia mundial.\" \/>\n<meta name=\"robots\" content=\"index, follow, max-snippet:-1, max-image-preview:large, max-video-preview:-1\" \/>\n<link rel=\"canonical\" href=\"https:\/\/myabcm.com\/pt-br\/crise-economica-global\/\" \/>\n<meta property=\"og:locale\" content=\"pt_BR\" \/>\n<meta property=\"og:type\" content=\"article\" \/>\n<meta property=\"og:title\" content=\"Terceira recess\u00e3o em duas d\u00e9cadas: especialistas debatem agravamento de crise econ\u00f4mica global - MyABCM\" \/>\n<meta property=\"og:description\" content=\"Com um contexto econ\u00f4mico e social sem precedentes, especialistas preveem um agravamento da instabilidade na economia mundial.\" \/>\n<meta property=\"og:url\" content=\"https:\/\/myabcm.com\/pt-br\/crise-economica-global\/\" \/>\n<meta property=\"og:site_name\" content=\"MyABCM\" \/>\n<meta property=\"article:publisher\" content=\"https:\/\/www.facebook.com\/MyABCM\/\" \/>\n<meta property=\"article:published_time\" content=\"2023-03-21T17:06:17+00:00\" \/>\n<meta property=\"article:modified_time\" content=\"2023-08-08T11:26:57+00:00\" \/>\n<meta property=\"og:image\" content=\"https:\/\/myabcm.com\/wp-content\/uploads\/Terceira-recessao-em-duas-decadas.png\" \/>\n\t<meta property=\"og:image:width\" content=\"900\" \/>\n\t<meta property=\"og:image:height\" content=\"316\" \/>\n\t<meta property=\"og:image:type\" content=\"image\/png\" \/>\n<meta name=\"author\" content=\"Rodolpho Ramirez\" \/>\n<meta name=\"twitter:card\" content=\"summary_large_image\" \/>\n<meta name=\"twitter:creator\" content=\"@myabcm\" \/>\n<meta name=\"twitter:site\" content=\"@myabcm\" \/>\n<meta name=\"twitter:label1\" content=\"Escrito por\" \/>\n\t<meta name=\"twitter:data1\" content=\"Rodolpho Ramirez\" \/>\n\t<meta name=\"twitter:label2\" content=\"Est. tempo de leitura\" \/>\n\t<meta name=\"twitter:data2\" content=\"4 minutos\" \/>\n<script type=\"application\/ld+json\" class=\"yoast-schema-graph\">{\"@context\":\"https:\/\/schema.org\",\"@graph\":[{\"@type\":\"WebPage\",\"@id\":\"https:\/\/myabcm.com\/pt-br\/crise-economica-global\/\",\"url\":\"https:\/\/myabcm.com\/pt-br\/crise-economica-global\/\",\"name\":\"Terceira recess\u00e3o em duas d\u00e9cadas: especialistas debatem agravamento de crise econ\u00f4mica global - MyABCM\",\"isPartOf\":{\"@id\":\"https:\/\/myabcm.com\/pt-br\/#website\"},\"primaryImageOfPage\":{\"@id\":\"https:\/\/myabcm.com\/pt-br\/crise-economica-global\/#primaryimage\"},\"image\":{\"@id\":\"https:\/\/myabcm.com\/pt-br\/crise-economica-global\/#primaryimage\"},\"thumbnailUrl\":\"https:\/\/myabcm.com\/wp-content\/uploads\/Terceira-recessao-em-duas-decadas.png\",\"datePublished\":\"2023-03-21T17:06:17+00:00\",\"dateModified\":\"2023-08-08T11:26:57+00:00\",\"author\":{\"@id\":\"https:\/\/myabcm.com\/pt-br\/#\/schema\/person\/93847a9a46d019ad889ba149ecdc4ee9\"},\"description\":\"Com um contexto econ\u00f4mico e social sem precedentes, especialistas preveem um agravamento da instabilidade na economia mundial.\",\"inLanguage\":\"pt-BR\",\"potentialAction\":[{\"@type\":\"ReadAction\",\"target\":[\"https:\/\/myabcm.com\/pt-br\/crise-economica-global\/\"]}]},{\"@type\":\"ImageObject\",\"inLanguage\":\"pt-BR\",\"@id\":\"https:\/\/myabcm.com\/pt-br\/crise-economica-global\/#primaryimage\",\"url\":\"https:\/\/myabcm.com\/wp-content\/uploads\/Terceira-recessao-em-duas-decadas.png\",\"contentUrl\":\"https:\/\/myabcm.com\/wp-content\/uploads\/Terceira-recessao-em-duas-decadas.png\",\"width\":900,\"height\":316},{\"@type\":\"WebSite\",\"@id\":\"https:\/\/myabcm.com\/pt-br\/#website\",\"url\":\"https:\/\/myabcm.com\/pt-br\/\",\"name\":\"MyABCM\",\"description\":\"\",\"potentialAction\":[{\"@type\":\"SearchAction\",\"target\":{\"@type\":\"EntryPoint\",\"urlTemplate\":\"https:\/\/myabcm.com\/pt-br\/?s={search_term_string}\"},\"query-input\":{\"@type\":\"PropertyValueSpecification\",\"valueRequired\":true,\"valueName\":\"search_term_string\"}}],\"inLanguage\":\"pt-BR\"},{\"@type\":\"Person\",\"@id\":\"https:\/\/myabcm.com\/pt-br\/#\/schema\/person\/93847a9a46d019ad889ba149ecdc4ee9\",\"name\":\"Rodolpho Ramirez\",\"image\":{\"@type\":\"ImageObject\",\"inLanguage\":\"pt-BR\",\"@id\":\"https:\/\/myabcm.com\/pt-br\/#\/schema\/person\/image\/\",\"url\":\"https:\/\/secure.gravatar.com\/avatar\/d2e56e5611288bb7dddc938920804f3fab455ca267cbc11afe6ecffb6690144f?s=96&d=mm&r=g\",\"contentUrl\":\"https:\/\/secure.gravatar.com\/avatar\/d2e56e5611288bb7dddc938920804f3fab455ca267cbc11afe6ecffb6690144f?s=96&d=mm&r=g\",\"caption\":\"Rodolpho Ramirez\"},\"sameAs\":[\"https:\/\/www.myabcm.com\/\"],\"url\":\"https:\/\/myabcm.com\/pt-br\/author\/rodolpho\/\"}]}<\/script>\n<!-- \/ Yoast SEO plugin. -->","yoast_head_json":{"title":"Terceira recess\u00e3o em duas d\u00e9cadas: especialistas debatem agravamento de crise econ\u00f4mica global - MyABCM","description":"Com um contexto econ\u00f4mico e social sem precedentes, especialistas preveem um agravamento da instabilidade na economia mundial.","robots":{"index":"index","follow":"follow","max-snippet":"max-snippet:-1","max-image-preview":"max-image-preview:large","max-video-preview":"max-video-preview:-1"},"canonical":"https:\/\/myabcm.com\/pt-br\/crise-economica-global\/","og_locale":"pt_BR","og_type":"article","og_title":"Terceira recess\u00e3o em duas d\u00e9cadas: especialistas debatem agravamento de crise econ\u00f4mica global - MyABCM","og_description":"Com um contexto econ\u00f4mico e social sem precedentes, especialistas preveem um agravamento da instabilidade na economia mundial.","og_url":"https:\/\/myabcm.com\/pt-br\/crise-economica-global\/","og_site_name":"MyABCM","article_publisher":"https:\/\/www.facebook.com\/MyABCM\/","article_published_time":"2023-03-21T17:06:17+00:00","article_modified_time":"2023-08-08T11:26:57+00:00","og_image":[{"width":900,"height":316,"url":"https:\/\/myabcm.com\/wp-content\/uploads\/Terceira-recessao-em-duas-decadas.png","type":"image\/png"}],"author":"Rodolpho Ramirez","twitter_card":"summary_large_image","twitter_creator":"@myabcm","twitter_site":"@myabcm","twitter_misc":{"Escrito por":"Rodolpho Ramirez","Est. tempo de leitura":"4 minutos"},"schema":{"@context":"https:\/\/schema.org","@graph":[{"@type":"WebPage","@id":"https:\/\/myabcm.com\/pt-br\/crise-economica-global\/","url":"https:\/\/myabcm.com\/pt-br\/crise-economica-global\/","name":"Terceira recess\u00e3o em duas d\u00e9cadas: especialistas debatem agravamento de crise econ\u00f4mica global - MyABCM","isPartOf":{"@id":"https:\/\/myabcm.com\/pt-br\/#website"},"primaryImageOfPage":{"@id":"https:\/\/myabcm.com\/pt-br\/crise-economica-global\/#primaryimage"},"image":{"@id":"https:\/\/myabcm.com\/pt-br\/crise-economica-global\/#primaryimage"},"thumbnailUrl":"https:\/\/myabcm.com\/wp-content\/uploads\/Terceira-recessao-em-duas-decadas.png","datePublished":"2023-03-21T17:06:17+00:00","dateModified":"2023-08-08T11:26:57+00:00","author":{"@id":"https:\/\/myabcm.com\/pt-br\/#\/schema\/person\/93847a9a46d019ad889ba149ecdc4ee9"},"description":"Com um contexto econ\u00f4mico e social sem precedentes, especialistas preveem um agravamento da instabilidade na economia mundial.","inLanguage":"pt-BR","potentialAction":[{"@type":"ReadAction","target":["https:\/\/myabcm.com\/pt-br\/crise-economica-global\/"]}]},{"@type":"ImageObject","inLanguage":"pt-BR","@id":"https:\/\/myabcm.com\/pt-br\/crise-economica-global\/#primaryimage","url":"https:\/\/myabcm.com\/wp-content\/uploads\/Terceira-recessao-em-duas-decadas.png","contentUrl":"https:\/\/myabcm.com\/wp-content\/uploads\/Terceira-recessao-em-duas-decadas.png","width":900,"height":316},{"@type":"WebSite","@id":"https:\/\/myabcm.com\/pt-br\/#website","url":"https:\/\/myabcm.com\/pt-br\/","name":"MyABCM","description":"","potentialAction":[{"@type":"SearchAction","target":{"@type":"EntryPoint","urlTemplate":"https:\/\/myabcm.com\/pt-br\/?s={search_term_string}"},"query-input":{"@type":"PropertyValueSpecification","valueRequired":true,"valueName":"search_term_string"}}],"inLanguage":"pt-BR"},{"@type":"Person","@id":"https:\/\/myabcm.com\/pt-br\/#\/schema\/person\/93847a9a46d019ad889ba149ecdc4ee9","name":"Rodolpho Ramirez","image":{"@type":"ImageObject","inLanguage":"pt-BR","@id":"https:\/\/myabcm.com\/pt-br\/#\/schema\/person\/image\/","url":"https:\/\/secure.gravatar.com\/avatar\/d2e56e5611288bb7dddc938920804f3fab455ca267cbc11afe6ecffb6690144f?s=96&d=mm&r=g","contentUrl":"https:\/\/secure.gravatar.com\/avatar\/d2e56e5611288bb7dddc938920804f3fab455ca267cbc11afe6ecffb6690144f?s=96&d=mm&r=g","caption":"Rodolpho Ramirez"},"sameAs":["https:\/\/www.myabcm.com\/"],"url":"https:\/\/myabcm.com\/pt-br\/author\/rodolpho\/"}]}},"_links":{"self":[{"href":"https:\/\/myabcm.com\/pt-br\/wp-json\/wp\/v2\/posts\/33853","targetHints":{"allow":["GET"]}}],"collection":[{"href":"https:\/\/myabcm.com\/pt-br\/wp-json\/wp\/v2\/posts"}],"about":[{"href":"https:\/\/myabcm.com\/pt-br\/wp-json\/wp\/v2\/types\/post"}],"author":[{"embeddable":true,"href":"https:\/\/myabcm.com\/pt-br\/wp-json\/wp\/v2\/users\/15"}],"replies":[{"embeddable":true,"href":"https:\/\/myabcm.com\/pt-br\/wp-json\/wp\/v2\/comments?post=33853"}],"version-history":[{"count":1,"href":"https:\/\/myabcm.com\/pt-br\/wp-json\/wp\/v2\/posts\/33853\/revisions"}],"predecessor-version":[{"id":33858,"href":"https:\/\/myabcm.com\/pt-br\/wp-json\/wp\/v2\/posts\/33853\/revisions\/33858"}],"wp:featuredmedia":[{"embeddable":true,"href":"https:\/\/myabcm.com\/pt-br\/wp-json\/wp\/v2\/media\/33854"}],"wp:attachment":[{"href":"https:\/\/myabcm.com\/pt-br\/wp-json\/wp\/v2\/media?parent=33853"}],"wp:term":[{"taxonomy":"category","embeddable":true,"href":"https:\/\/myabcm.com\/pt-br\/wp-json\/wp\/v2\/categories?post=33853"},{"taxonomy":"post_tag","embeddable":true,"href":"https:\/\/myabcm.com\/pt-br\/wp-json\/wp\/v2\/tags?post=33853"}],"curies":[{"name":"wp","href":"https:\/\/api.w.org\/{rel}","templated":true}]}}