{"id":36937,"date":"2024-10-24T12:40:35","date_gmt":"2024-10-24T15:40:35","guid":{"rendered":"https:\/\/myabcm.com\/?p=36937"},"modified":"2025-02-18T09:28:53","modified_gmt":"2025-02-18T12:28:53","slug":"demissoes-o-corte-de-custos-que-pode-afundar-sua-empresa","status":"publish","type":"post","link":"https:\/\/myabcm.com\/pt-br\/demissoes-o-corte-de-custos-que-pode-afundar-sua-empresa\/","title":{"rendered":"Demiss\u00f5es: O &#8220;corte de custos&#8221; que pode afundar sua empresa!"},"content":{"rendered":"<p>Quando falamos em corte de custos, demitir funcion\u00e1rios pode parecer uma solu\u00e7\u00e3o simples e imediata. Afinal, as despesas com pessoal muitas vezes representam uma das maiores despesas nas organiza\u00e7\u00f5es.<\/p>\n<p>No entanto, ao longo dos anos, estudos demonstraram que essa pr\u00e1tica pode trazer mais preju\u00edzos do que benef\u00edcios no m\u00e9dio e longo prazo. Demiss\u00f5es n\u00e3o resolvem problemas estruturais e, em muitos casos, podem at\u00e9 aumentar os custos da empresa.<\/p>\n<h2>Corte de custos \u00e0s avessas: custos ocultos e o impacto negativo das demiss\u00f5es<\/h2>\n<p>De acordo com o &#8220;The US Conference Board&#8221;, 30% das empresas que recorreram a demiss\u00f5es esperando obter um corte de custos observam na verdade um aumento das despesas. Al\u00e9m disso, 22% delas acabaram cortando os funcion\u00e1rios errados, o que resultou em perda de talentos valiosos e na necessidade de novas contrata\u00e7\u00f5es.<\/p>\n<p>Al\u00e9m do impacto imediato, demitir e recontratar gera um ciclo oneroso. A Deloitte indica que 75% das empresas que demitiram funcion\u00e1rios para cortar custos acabaram precisando recontratar para as mesmas posi\u00e7\u00f5es em at\u00e9 um ano.<\/p>\n<p>Vale lembrar que esses custos incluem n\u00e3o s\u00f3 o processo de sele\u00e7\u00e3o e contrata\u00e7\u00e3o, mas tamb\u00e9m o treinamento e o tempo de adapta\u00e7\u00e3o do novo colaborador, que em geral apresenta menor produtividade no in\u00edcio do trabalho. Ou seja, o custo inicial com a demiss\u00e3o (que j\u00e1 n\u00e3o \u00e9 baixo) acaba se somando a investimentos adicionais no longo prazo, a fim de substituir um colaborador que n\u00e3o deveria ter sa\u00eddo.<\/p>\n<p>Esses n\u00fameros refletem uma realidade preocupante: as demiss\u00f5es podem parecer uma solu\u00e7\u00e3o r\u00e1pida, mas falham em abordar problemas operacionais mais profundos e com maiores impactos nos custos empresariais, como processos ineficientes e desperd\u00edcios ocultos. Al\u00e9m disso, podem no final das contas gerar mais custos desnecess\u00e1rios.<\/p>\n<h2>A import\u00e2ncia de otimizar processos<\/h2>\n<p>A McKinsey &amp; Company aponta que apenas 10% das tentativas de corte de custos por meio de demiss\u00f5es se mostram eficazes ap\u00f3s tr\u00eas anos. Isso se deve ao fato de que, ao demitir sem revisar processos internos, a empresa acaba redistribuindo atividades improdutivas para uma equipe menor, o que pode comprometer a qualidade e efici\u00eancia do trabalho.<\/p>\n<p>Por isso, \u00e9 essencial que as empresas se concentrem em <a href=\"https:\/\/myabcm.com\/pt-br\/custeio-baseado-em-atividades-metodologia-abc\/\">identificar quais processos agregam valo<\/a>r e quais podem ser otimizados ou eliminados. Sem essa revis\u00e3o, as demiss\u00f5es apenas agravam os problemas, gerando uma carga ainda maior para os colaboradores restantes.<\/p>\n<h2>Foco na efici\u00eancia e no cliente para gerar real corte de custos<\/h2>\n<p>Um estudo da <em>The Economist<\/em> destacou que as empresas que sobrevivem \u00e0s crises s\u00e3o aquelas que sabem <strong>onde n\u00e3o cortar custos<\/strong>. Elas priorizam as \u00e1reas estrat\u00e9gicas que garantem a satisfa\u00e7\u00e3o do cliente e mant\u00eam os processos que geram valor. Ou seja, o segredo n\u00e3o est\u00e1 em demitir, mas em melhorar a efici\u00eancia e garantir que os recursos estejam sendo usados de forma inteligente.<\/p>\n<p>Em vez de recorrer a demiss\u00f5es como solu\u00e7\u00e3o para cortar custos, as empresas devem focar em uma gest\u00e3o de custos eficiente, analisando processos, eliminando atividades redundantes e mantendo o foco no cliente. A chave para o sucesso n\u00e3o \u00e9 cortar pessoal, mas otimizar opera\u00e7\u00f5es e alocar recursos (inclusive os humanos) de maneira mais estrat\u00e9gica.<\/p>\n<p>Quer descobrir onde cortar custos sem demitir funcion\u00e1rios? O MyABCM pode te ajudar. Preencha o formul\u00e1rio abaixo e saiba mais!<\/p>\n","protected":false},"excerpt":{"rendered":"<p>Quando falamos em corte de custos, demitir funcion\u00e1rios pode parecer uma solu\u00e7\u00e3o simples e imediata. Afinal, as despesas com pessoal muitas vezes representam uma das maiores despesas nas organiza\u00e7\u00f5es. No entanto, ao longo dos anos, estudos demonstraram que essa pr\u00e1tica pode trazer mais preju\u00edzos do que benef\u00edcios no m\u00e9dio e longo prazo. Demiss\u00f5es n\u00e3o resolvem [&hellip;]<\/p>\n","protected":false},"author":15,"featured_media":36938,"comment_status":"open","ping_status":"open","sticky":false,"template":"","format":"standard","meta":{"_acf_changed":false,"content-type":"","footnotes":""},"categories":[1507,1509,1511],"tags":[3949],"class_list":["post-36937","post","type-post","status-publish","format-standard","has-post-thumbnail","hentry","category-gestao-de-custo","category-outros","category-reducao-de-custos-e-despesas","tag-corte-de-custos"],"acf":[],"yoast_head":"<!-- This site is optimized with the Yoast SEO plugin v26.5 - https:\/\/yoast.com\/wordpress\/plugins\/seo\/ -->\n<title>Demiss\u00f5es: O &quot;corte de custos&quot; que pode afundar sua empresa! - MyABCM<\/title>\n<meta name=\"description\" content=\"30% das empresas que recorreram a demiss\u00f5es esperando obter um corte de custos observam na verdade um aumento das despesas.\" \/>\n<meta name=\"robots\" content=\"index, follow, max-snippet:-1, max-image-preview:large, max-video-preview:-1\" \/>\n<link rel=\"canonical\" href=\"https:\/\/myabcm.com\/pt-br\/demissoes-o-corte-de-custos-que-pode-afundar-sua-empresa\/\" \/>\n<meta property=\"og:locale\" content=\"pt_BR\" \/>\n<meta property=\"og:type\" content=\"article\" \/>\n<meta property=\"og:title\" content=\"Demiss\u00f5es: O &quot;corte de custos&quot; que pode afundar sua empresa! - MyABCM\" \/>\n<meta property=\"og:description\" content=\"30% das empresas que recorreram a demiss\u00f5es esperando obter um corte de custos observam na verdade um aumento das despesas.\" \/>\n<meta property=\"og:url\" content=\"https:\/\/myabcm.com\/pt-br\/demissoes-o-corte-de-custos-que-pode-afundar-sua-empresa\/\" \/>\n<meta property=\"og:site_name\" content=\"MyABCM\" \/>\n<meta property=\"article:publisher\" content=\"https:\/\/www.facebook.com\/MyABCM\/\" \/>\n<meta property=\"article:published_time\" content=\"2024-10-24T15:40:35+00:00\" \/>\n<meta property=\"article:modified_time\" content=\"2025-02-18T12:28:53+00:00\" \/>\n<meta property=\"og:image\" content=\"https:\/\/myabcm.com\/wp-content\/uploads\/Artigos-Topo-Blog-Demissoes.png\" \/>\n\t<meta property=\"og:image:width\" content=\"900\" \/>\n\t<meta property=\"og:image:height\" content=\"315\" \/>\n\t<meta property=\"og:image:type\" content=\"image\/png\" \/>\n<meta name=\"author\" content=\"Rodolpho Ramirez\" \/>\n<meta name=\"twitter:card\" content=\"summary_large_image\" \/>\n<meta name=\"twitter:creator\" content=\"@myabcm\" \/>\n<meta name=\"twitter:site\" content=\"@myabcm\" \/>\n<meta name=\"twitter:label1\" content=\"Escrito por\" \/>\n\t<meta name=\"twitter:data1\" content=\"Rodolpho Ramirez\" \/>\n\t<meta name=\"twitter:label2\" content=\"Est. tempo de leitura\" \/>\n\t<meta name=\"twitter:data2\" content=\"3 minutos\" \/>\n<script type=\"application\/ld+json\" class=\"yoast-schema-graph\">{\"@context\":\"https:\/\/schema.org\",\"@graph\":[{\"@type\":\"WebPage\",\"@id\":\"https:\/\/myabcm.com\/pt-br\/demissoes-o-corte-de-custos-que-pode-afundar-sua-empresa\/\",\"url\":\"https:\/\/myabcm.com\/pt-br\/demissoes-o-corte-de-custos-que-pode-afundar-sua-empresa\/\",\"name\":\"Demiss\u00f5es: O \\\"corte de custos\\\" que pode afundar sua empresa! - MyABCM\",\"isPartOf\":{\"@id\":\"https:\/\/myabcm.com\/pt-br\/#website\"},\"primaryImageOfPage\":{\"@id\":\"https:\/\/myabcm.com\/pt-br\/demissoes-o-corte-de-custos-que-pode-afundar-sua-empresa\/#primaryimage\"},\"image\":{\"@id\":\"https:\/\/myabcm.com\/pt-br\/demissoes-o-corte-de-custos-que-pode-afundar-sua-empresa\/#primaryimage\"},\"thumbnailUrl\":\"https:\/\/myabcm.com\/wp-content\/uploads\/Artigos-Topo-Blog-Demissoes.png\",\"datePublished\":\"2024-10-24T15:40:35+00:00\",\"dateModified\":\"2025-02-18T12:28:53+00:00\",\"author\":{\"@id\":\"https:\/\/myabcm.com\/pt-br\/#\/schema\/person\/93847a9a46d019ad889ba149ecdc4ee9\"},\"description\":\"30% das empresas que recorreram a demiss\u00f5es esperando obter um corte de custos observam na verdade um aumento das despesas.\",\"inLanguage\":\"pt-BR\",\"potentialAction\":[{\"@type\":\"ReadAction\",\"target\":[\"https:\/\/myabcm.com\/pt-br\/demissoes-o-corte-de-custos-que-pode-afundar-sua-empresa\/\"]}]},{\"@type\":\"ImageObject\",\"inLanguage\":\"pt-BR\",\"@id\":\"https:\/\/myabcm.com\/pt-br\/demissoes-o-corte-de-custos-que-pode-afundar-sua-empresa\/#primaryimage\",\"url\":\"https:\/\/myabcm.com\/wp-content\/uploads\/Artigos-Topo-Blog-Demissoes.png\",\"contentUrl\":\"https:\/\/myabcm.com\/wp-content\/uploads\/Artigos-Topo-Blog-Demissoes.png\",\"width\":900,\"height\":315,\"caption\":\"corte de custos\"},{\"@type\":\"WebSite\",\"@id\":\"https:\/\/myabcm.com\/pt-br\/#website\",\"url\":\"https:\/\/myabcm.com\/pt-br\/\",\"name\":\"MyABCM\",\"description\":\"\",\"potentialAction\":[{\"@type\":\"SearchAction\",\"target\":{\"@type\":\"EntryPoint\",\"urlTemplate\":\"https:\/\/myabcm.com\/pt-br\/?s={search_term_string}\"},\"query-input\":{\"@type\":\"PropertyValueSpecification\",\"valueRequired\":true,\"valueName\":\"search_term_string\"}}],\"inLanguage\":\"pt-BR\"},{\"@type\":\"Person\",\"@id\":\"https:\/\/myabcm.com\/pt-br\/#\/schema\/person\/93847a9a46d019ad889ba149ecdc4ee9\",\"name\":\"Rodolpho Ramirez\",\"image\":{\"@type\":\"ImageObject\",\"inLanguage\":\"pt-BR\",\"@id\":\"https:\/\/myabcm.com\/pt-br\/#\/schema\/person\/image\/\",\"url\":\"https:\/\/secure.gravatar.com\/avatar\/d2e56e5611288bb7dddc938920804f3fab455ca267cbc11afe6ecffb6690144f?s=96&d=mm&r=g\",\"contentUrl\":\"https:\/\/secure.gravatar.com\/avatar\/d2e56e5611288bb7dddc938920804f3fab455ca267cbc11afe6ecffb6690144f?s=96&d=mm&r=g\",\"caption\":\"Rodolpho Ramirez\"},\"sameAs\":[\"https:\/\/www.myabcm.com\/\"],\"url\":\"https:\/\/myabcm.com\/pt-br\/author\/rodolpho\/\"}]}<\/script>\n<!-- \/ Yoast SEO plugin. -->","yoast_head_json":{"title":"Demiss\u00f5es: O \"corte de custos\" que pode afundar sua empresa! - MyABCM","description":"30% das empresas que recorreram a demiss\u00f5es esperando obter um corte de custos observam na verdade um aumento das despesas.","robots":{"index":"index","follow":"follow","max-snippet":"max-snippet:-1","max-image-preview":"max-image-preview:large","max-video-preview":"max-video-preview:-1"},"canonical":"https:\/\/myabcm.com\/pt-br\/demissoes-o-corte-de-custos-que-pode-afundar-sua-empresa\/","og_locale":"pt_BR","og_type":"article","og_title":"Demiss\u00f5es: O \"corte de custos\" que pode afundar sua empresa! - MyABCM","og_description":"30% das empresas que recorreram a demiss\u00f5es esperando obter um corte de custos observam na verdade um aumento das despesas.","og_url":"https:\/\/myabcm.com\/pt-br\/demissoes-o-corte-de-custos-que-pode-afundar-sua-empresa\/","og_site_name":"MyABCM","article_publisher":"https:\/\/www.facebook.com\/MyABCM\/","article_published_time":"2024-10-24T15:40:35+00:00","article_modified_time":"2025-02-18T12:28:53+00:00","og_image":[{"width":900,"height":315,"url":"https:\/\/myabcm.com\/wp-content\/uploads\/Artigos-Topo-Blog-Demissoes.png","type":"image\/png"}],"author":"Rodolpho Ramirez","twitter_card":"summary_large_image","twitter_creator":"@myabcm","twitter_site":"@myabcm","twitter_misc":{"Escrito por":"Rodolpho Ramirez","Est. tempo de leitura":"3 minutos"},"schema":{"@context":"https:\/\/schema.org","@graph":[{"@type":"WebPage","@id":"https:\/\/myabcm.com\/pt-br\/demissoes-o-corte-de-custos-que-pode-afundar-sua-empresa\/","url":"https:\/\/myabcm.com\/pt-br\/demissoes-o-corte-de-custos-que-pode-afundar-sua-empresa\/","name":"Demiss\u00f5es: O \"corte de custos\" que pode afundar sua empresa! - MyABCM","isPartOf":{"@id":"https:\/\/myabcm.com\/pt-br\/#website"},"primaryImageOfPage":{"@id":"https:\/\/myabcm.com\/pt-br\/demissoes-o-corte-de-custos-que-pode-afundar-sua-empresa\/#primaryimage"},"image":{"@id":"https:\/\/myabcm.com\/pt-br\/demissoes-o-corte-de-custos-que-pode-afundar-sua-empresa\/#primaryimage"},"thumbnailUrl":"https:\/\/myabcm.com\/wp-content\/uploads\/Artigos-Topo-Blog-Demissoes.png","datePublished":"2024-10-24T15:40:35+00:00","dateModified":"2025-02-18T12:28:53+00:00","author":{"@id":"https:\/\/myabcm.com\/pt-br\/#\/schema\/person\/93847a9a46d019ad889ba149ecdc4ee9"},"description":"30% das empresas que recorreram a demiss\u00f5es esperando obter um corte de custos observam na verdade um aumento das despesas.","inLanguage":"pt-BR","potentialAction":[{"@type":"ReadAction","target":["https:\/\/myabcm.com\/pt-br\/demissoes-o-corte-de-custos-que-pode-afundar-sua-empresa\/"]}]},{"@type":"ImageObject","inLanguage":"pt-BR","@id":"https:\/\/myabcm.com\/pt-br\/demissoes-o-corte-de-custos-que-pode-afundar-sua-empresa\/#primaryimage","url":"https:\/\/myabcm.com\/wp-content\/uploads\/Artigos-Topo-Blog-Demissoes.png","contentUrl":"https:\/\/myabcm.com\/wp-content\/uploads\/Artigos-Topo-Blog-Demissoes.png","width":900,"height":315,"caption":"corte de custos"},{"@type":"WebSite","@id":"https:\/\/myabcm.com\/pt-br\/#website","url":"https:\/\/myabcm.com\/pt-br\/","name":"MyABCM","description":"","potentialAction":[{"@type":"SearchAction","target":{"@type":"EntryPoint","urlTemplate":"https:\/\/myabcm.com\/pt-br\/?s={search_term_string}"},"query-input":{"@type":"PropertyValueSpecification","valueRequired":true,"valueName":"search_term_string"}}],"inLanguage":"pt-BR"},{"@type":"Person","@id":"https:\/\/myabcm.com\/pt-br\/#\/schema\/person\/93847a9a46d019ad889ba149ecdc4ee9","name":"Rodolpho Ramirez","image":{"@type":"ImageObject","inLanguage":"pt-BR","@id":"https:\/\/myabcm.com\/pt-br\/#\/schema\/person\/image\/","url":"https:\/\/secure.gravatar.com\/avatar\/d2e56e5611288bb7dddc938920804f3fab455ca267cbc11afe6ecffb6690144f?s=96&d=mm&r=g","contentUrl":"https:\/\/secure.gravatar.com\/avatar\/d2e56e5611288bb7dddc938920804f3fab455ca267cbc11afe6ecffb6690144f?s=96&d=mm&r=g","caption":"Rodolpho Ramirez"},"sameAs":["https:\/\/www.myabcm.com\/"],"url":"https:\/\/myabcm.com\/pt-br\/author\/rodolpho\/"}]}},"_links":{"self":[{"href":"https:\/\/myabcm.com\/pt-br\/wp-json\/wp\/v2\/posts\/36937","targetHints":{"allow":["GET"]}}],"collection":[{"href":"https:\/\/myabcm.com\/pt-br\/wp-json\/wp\/v2\/posts"}],"about":[{"href":"https:\/\/myabcm.com\/pt-br\/wp-json\/wp\/v2\/types\/post"}],"author":[{"embeddable":true,"href":"https:\/\/myabcm.com\/pt-br\/wp-json\/wp\/v2\/users\/15"}],"replies":[{"embeddable":true,"href":"https:\/\/myabcm.com\/pt-br\/wp-json\/wp\/v2\/comments?post=36937"}],"version-history":[{"count":3,"href":"https:\/\/myabcm.com\/pt-br\/wp-json\/wp\/v2\/posts\/36937\/revisions"}],"predecessor-version":[{"id":37392,"href":"https:\/\/myabcm.com\/pt-br\/wp-json\/wp\/v2\/posts\/36937\/revisions\/37392"}],"wp:featuredmedia":[{"embeddable":true,"href":"https:\/\/myabcm.com\/pt-br\/wp-json\/wp\/v2\/media\/36938"}],"wp:attachment":[{"href":"https:\/\/myabcm.com\/pt-br\/wp-json\/wp\/v2\/media?parent=36937"}],"wp:term":[{"taxonomy":"category","embeddable":true,"href":"https:\/\/myabcm.com\/pt-br\/wp-json\/wp\/v2\/categories?post=36937"},{"taxonomy":"post_tag","embeddable":true,"href":"https:\/\/myabcm.com\/pt-br\/wp-json\/wp\/v2\/tags?post=36937"}],"curies":[{"name":"wp","href":"https:\/\/api.w.org\/{rel}","templated":true}]}}